{"id":618,"date":"2021-10-22T07:02:22","date_gmt":"2021-10-22T10:02:22","guid":{"rendered":"https:\/\/i2w.com.br\/lmtconsultores\/?p=618"},"modified":"2023-11-23T08:46:44","modified_gmt":"2023-11-23T11:46:44","slug":"lmt-consultores-em-historia-e-patrimonio-escreve-livro-comemorativo-dos-250-anos-do-grupo-pinto-basto","status":"publish","type":"post","link":"https:\/\/lmt-consultores.com\/en\/lmt-consultores-em-historia-e-patrimonio-escreve-livro-comemorativo-dos-250-anos-do-grupo-pinto-basto\/","title":{"rendered":"LMT Consultores em Hist\u00f3ria e Patrim\u00f3nio escreve livro comemorativo dos 250 anos do Grupo Pinto Basto"},"content":{"rendered":"<p><span style=\"font-weight: 400;\">O Grupo Pinto Basto comemorou 250 anos de vida com a publica\u00e7\u00e3o de um livro da autoria de Carlos Bobone, Jo\u00e3o Bernardo Galv\u00e3o Teles e Louren\u00e7o Correia de Matos, os dois \u00faltimos s\u00f3cios da LMT Consultores em Hist\u00f3ria e Patrim\u00f3nio. A apresenta\u00e7\u00e3o da obra <\/span><i><span style=\"font-weight: 400;\">Pinto Basto: um quarto de mil\u00e9nio a marcar a economia portuguesa <\/span><\/i><span style=\"font-weight: 400;\">teve lugar na festa dos 250 anos da empresa, realizada no antigo picadeiro real do Pal\u00e1cio de Bel\u00e9m, presidida por Bruno Pinto Basto Bobone e na qual esteve presente o presidente da Rep\u00fablica, Marcelo Rebelo de Sousa.<\/span><\/p>","protected":false},"excerpt":{"rendered":"<p>O Grupo Pinto Basto comemorou 250 anos de vida com a publica\u00e7\u00e3o de um livro da autoria de Carlos Bobone, Jo\u00e3o Bernardo Galv\u00e3o Teles e Louren\u00e7o Correia de Matos, os dois \u00faltimos s\u00f3cios da LMT Consultores em Hist\u00f3ria e Patrim\u00f3nio. A apresenta\u00e7\u00e3o da obra Pinto Basto: um quarto de mil\u00e9nio a marcar a economia portuguesa [&hellip;]<\/p>","protected":false},"author":1,"featured_media":867,"comment_status":"open","ping_status":"open","sticky":false,"template":"","format":"standard","meta":{"footnotes":""},"categories":[1],"tags":[],"class_list":["post-618","post","type-post","status-publish","format-standard","has-post-thumbnail","hentry","category-uncategorized"],"acf":[],"yoast_head":"<!-- This site is optimized with the Yoast SEO plugin v21.6 - https:\/\/yoast.com\/wordpress\/plugins\/seo\/ -->\n<title>LMT Consultores em Hist\u00f3ria e Patrim\u00f3nio escreve livro comemorativo dos 250 anos do Grupo Pinto Basto - LMT Consultores<\/title>\n<meta name=\"robots\" content=\"index, follow, max-snippet:-1, max-image-preview:large, max-video-preview:-1\" \/>\n<link rel=\"canonical\" href=\"https:\/\/lmt-consultores.com\/en\/lmt-consultores-em-historia-e-patrimonio-escreve-livro-comemorativo-dos-250-anos-do-grupo-pinto-basto\/\" \/>\n<meta property=\"og:locale\" content=\"en_US\" \/>\n<meta property=\"og:type\" content=\"article\" \/>\n<meta property=\"og:title\" content=\"LMT Consultores em Hist\u00f3ria e Patrim\u00f3nio escreve livro comemorativo dos 250 anos do Grupo Pinto Basto - LMT Consultores\" \/>\n<meta property=\"og:description\" content=\"O Grupo Pinto Basto comemorou 250 anos de vida com a publica\u00e7\u00e3o de um livro da autoria de Carlos Bobone, Jo\u00e3o Bernardo Galv\u00e3o Teles e Louren\u00e7o Correia de Matos, os dois \u00faltimos s\u00f3cios da LMT Consultores em Hist\u00f3ria e Patrim\u00f3nio. A apresenta\u00e7\u00e3o da obra Pinto Basto: um quarto de mil\u00e9nio a marcar a economia portuguesa [&hellip;]\" \/>\n<meta property=\"og:url\" content=\"https:\/\/lmt-consultores.com\/en\/lmt-consultores-em-historia-e-patrimonio-escreve-livro-comemorativo-dos-250-anos-do-grupo-pinto-basto\/\" \/>\n<meta property=\"og:site_name\" content=\"LMT Consultores\" \/>\n<meta property=\"article:published_time\" content=\"2021-10-22T10:02:22+00:00\" \/>\n<meta property=\"article:modified_time\" content=\"2023-11-23T11:46:44+00:00\" \/>\n<meta property=\"og:image\" content=\"https:\/\/lmt-consultores.com\/wp-content\/uploads\/2021\/10\/LMT-noticias-07.jpg\" \/>\n\t<meta property=\"og:image:width\" content=\"526\" \/>\n\t<meta property=\"og:image:height\" content=\"526\" \/>\n\t<meta property=\"og:image:type\" content=\"image\/jpeg\" \/>\n<meta name=\"author\" content=\"lais.i2w\" \/>\n<meta name=\"twitter:card\" content=\"summary_large_image\" \/>\n<meta name=\"twitter:label1\" content=\"Written by\" \/>\n\t<meta name=\"twitter:data1\" content=\"lais.i2w\" \/>\n\t<meta name=\"twitter:label2\" content=\"Est. reading time\" \/>\n\t<meta name=\"twitter:data2\" content=\"1 minute\" \/>\n<script type=\"application\/ld+json\" class=\"yoast-schema-graph\">{\"@context\":\"https:\/\/schema.org\",\"@graph\":[{\"@type\":\"WebPage\",\"@id\":\"https:\/\/lmt-consultores.com\/lmt-consultores-em-historia-e-patrimonio-escreve-livro-comemorativo-dos-250-anos-do-grupo-pinto-basto\/\",\"url\":\"https:\/\/lmt-consultores.com\/lmt-consultores-em-historia-e-patrimonio-escreve-livro-comemorativo-dos-250-anos-do-grupo-pinto-basto\/\",\"name\":\"LMT Consultores em Hist\u00f3ria e Patrim\u00f3nio escreve livro comemorativo dos 250 anos do Grupo Pinto Basto - LMT Consultores\",\"isPartOf\":{\"@id\":\"https:\/\/lmt-consultores.com\/#website\"},\"datePublished\":\"2021-10-22T10:02:22+00:00\",\"dateModified\":\"2023-11-23T11:46:44+00:00\",\"author\":{\"@id\":\"https:\/\/lmt-consultores.com\/#\/schema\/person\/fb0e3f2ad5669a436af9dd81df4c07bf\"},\"breadcrumb\":{\"@id\":\"https:\/\/lmt-consultores.com\/lmt-consultores-em-historia-e-patrimonio-escreve-livro-comemorativo-dos-250-anos-do-grupo-pinto-basto\/#breadcrumb\"},\"inLanguage\":\"en-US\",\"potentialAction\":[{\"@type\":\"ReadAction\",\"target\":[\"https:\/\/lmt-consultores.com\/lmt-consultores-em-historia-e-patrimonio-escreve-livro-comemorativo-dos-250-anos-do-grupo-pinto-basto\/\"]}]},{\"@type\":\"BreadcrumbList\",\"@id\":\"https:\/\/lmt-consultores.com\/lmt-consultores-em-historia-e-patrimonio-escreve-livro-comemorativo-dos-250-anos-do-grupo-pinto-basto\/#breadcrumb\",\"itemListElement\":[{\"@type\":\"ListItem\",\"position\":1,\"name\":\"Home\",\"item\":\"https:\/\/lmt-consultores.com\/\"},{\"@type\":\"ListItem\",\"position\":2,\"name\":\"LMT Consultores em Hist\u00f3ria e Patrim\u00f3nio escreve livro comemorativo dos 250 anos do Grupo Pinto Basto\"}]},{\"@type\":\"WebSite\",\"@id\":\"https:\/\/lmt-consultores.com\/#website\",\"url\":\"https:\/\/lmt-consultores.com\/\",\"name\":\"LMT Consultores\",\"description\":\"\",\"potentialAction\":[{\"@type\":\"SearchAction\",\"target\":{\"@type\":\"EntryPoint\",\"urlTemplate\":\"https:\/\/lmt-consultores.com\/?s={search_term_string}\"},\"query-input\":\"required name=search_term_string\"}],\"inLanguage\":\"en-US\"},{\"@type\":\"Person\",\"@id\":\"https:\/\/lmt-consultores.com\/#\/schema\/person\/fb0e3f2ad5669a436af9dd81df4c07bf\",\"name\":\"lais.i2w\",\"image\":{\"@type\":\"ImageObject\",\"inLanguage\":\"en-US\",\"@id\":\"https:\/\/lmt-consultores.com\/#\/schema\/person\/image\/\",\"url\":\"https:\/\/secure.gravatar.com\/avatar\/8b4b354cc1ccfe19b49459dc20c468eb0301f1084655a988e1c380a76b769d09?s=96&d=mm&r=g\",\"contentUrl\":\"https:\/\/secure.gravatar.com\/avatar\/8b4b354cc1ccfe19b49459dc20c468eb0301f1084655a988e1c380a76b769d09?s=96&d=mm&r=g\",\"caption\":\"lais.i2w\"},\"sameAs\":[\"https:\/\/lmt-consultores.com\"],\"url\":\"https:\/\/lmt-consultores.com\/en\/author\/lais-i2w\/\"}]}<\/script>\n<!-- \/ Yoast SEO plugin. -->","yoast_head_json":{"title":"LMT Consultores em Hist\u00f3ria e Patrim\u00f3nio escreve livro comemorativo dos 250 anos do Grupo Pinto Basto - LMT Consultores","robots":{"index":"index","follow":"follow","max-snippet":"max-snippet:-1","max-image-preview":"max-image-preview:large","max-video-preview":"max-video-preview:-1"},"canonical":"https:\/\/lmt-consultores.com\/en\/lmt-consultores-em-historia-e-patrimonio-escreve-livro-comemorativo-dos-250-anos-do-grupo-pinto-basto\/","og_locale":"en_US","og_type":"article","og_title":"LMT Consultores em Hist\u00f3ria e Patrim\u00f3nio escreve livro comemorativo dos 250 anos do Grupo Pinto Basto - LMT Consultores","og_description":"O Grupo Pinto Basto comemorou 250 anos de vida com a publica\u00e7\u00e3o de um livro da autoria de Carlos Bobone, Jo\u00e3o Bernardo Galv\u00e3o Teles e Louren\u00e7o Correia de Matos, os dois \u00faltimos s\u00f3cios da LMT Consultores em Hist\u00f3ria e Patrim\u00f3nio. A apresenta\u00e7\u00e3o da obra Pinto Basto: um quarto de mil\u00e9nio a marcar a economia portuguesa [&hellip;]","og_url":"https:\/\/lmt-consultores.com\/en\/lmt-consultores-em-historia-e-patrimonio-escreve-livro-comemorativo-dos-250-anos-do-grupo-pinto-basto\/","og_site_name":"LMT Consultores","article_published_time":"2021-10-22T10:02:22+00:00","article_modified_time":"2023-11-23T11:46:44+00:00","og_image":[{"width":526,"height":526,"url":"https:\/\/lmt-consultores.com\/wp-content\/uploads\/2021\/10\/LMT-noticias-07.jpg","type":"image\/jpeg"}],"author":"lais.i2w","twitter_card":"summary_large_image","twitter_misc":{"Written by":"lais.i2w","Est. reading time":"1 minute"},"schema":{"@context":"https:\/\/schema.org","@graph":[{"@type":"WebPage","@id":"https:\/\/lmt-consultores.com\/lmt-consultores-em-historia-e-patrimonio-escreve-livro-comemorativo-dos-250-anos-do-grupo-pinto-basto\/","url":"https:\/\/lmt-consultores.com\/lmt-consultores-em-historia-e-patrimonio-escreve-livro-comemorativo-dos-250-anos-do-grupo-pinto-basto\/","name":"LMT Consultores em Hist\u00f3ria e Patrim\u00f3nio escreve livro comemorativo dos 250 anos do Grupo Pinto Basto - LMT Consultores","isPartOf":{"@id":"https:\/\/lmt-consultores.com\/#website"},"datePublished":"2021-10-22T10:02:22+00:00","dateModified":"2023-11-23T11:46:44+00:00","author":{"@id":"https:\/\/lmt-consultores.com\/#\/schema\/person\/fb0e3f2ad5669a436af9dd81df4c07bf"},"breadcrumb":{"@id":"https:\/\/lmt-consultores.com\/lmt-consultores-em-historia-e-patrimonio-escreve-livro-comemorativo-dos-250-anos-do-grupo-pinto-basto\/#breadcrumb"},"inLanguage":"en-US","potentialAction":[{"@type":"ReadAction","target":["https:\/\/lmt-consultores.com\/lmt-consultores-em-historia-e-patrimonio-escreve-livro-comemorativo-dos-250-anos-do-grupo-pinto-basto\/"]}]},{"@type":"BreadcrumbList","@id":"https:\/\/lmt-consultores.com\/lmt-consultores-em-historia-e-patrimonio-escreve-livro-comemorativo-dos-250-anos-do-grupo-pinto-basto\/#breadcrumb","itemListElement":[{"@type":"ListItem","position":1,"name":"Home","item":"https:\/\/lmt-consultores.com\/"},{"@type":"ListItem","position":2,"name":"LMT Consultores em Hist\u00f3ria e Patrim\u00f3nio escreve livro comemorativo dos 250 anos do Grupo Pinto Basto"}]},{"@type":"WebSite","@id":"https:\/\/lmt-consultores.com\/#website","url":"https:\/\/lmt-consultores.com\/","name":"LMT Consultores","description":"","potentialAction":[{"@type":"SearchAction","target":{"@type":"EntryPoint","urlTemplate":"https:\/\/lmt-consultores.com\/?s={search_term_string}"},"query-input":"required name=search_term_string"}],"inLanguage":"en-US"},{"@type":"Person","@id":"https:\/\/lmt-consultores.com\/#\/schema\/person\/fb0e3f2ad5669a436af9dd81df4c07bf","name":"lais.i2w","image":{"@type":"ImageObject","inLanguage":"en-US","@id":"https:\/\/lmt-consultores.com\/#\/schema\/person\/image\/","url":"https:\/\/secure.gravatar.com\/avatar\/8b4b354cc1ccfe19b49459dc20c468eb0301f1084655a988e1c380a76b769d09?s=96&d=mm&r=g","contentUrl":"https:\/\/secure.gravatar.com\/avatar\/8b4b354cc1ccfe19b49459dc20c468eb0301f1084655a988e1c380a76b769d09?s=96&d=mm&r=g","caption":"lais.i2w"},"sameAs":["https:\/\/lmt-consultores.com"],"url":"https:\/\/lmt-consultores.com\/en\/author\/lais-i2w\/"}]}},"_links":{"self":[{"href":"https:\/\/lmt-consultores.com\/en\/wp-json\/wp\/v2\/posts\/618","targetHints":{"allow":["GET"]}}],"collection":[{"href":"https:\/\/lmt-consultores.com\/en\/wp-json\/wp\/v2\/posts"}],"about":[{"href":"https:\/\/lmt-consultores.com\/en\/wp-json\/wp\/v2\/types\/post"}],"author":[{"embeddable":true,"href":"https:\/\/lmt-consultores.com\/en\/wp-json\/wp\/v2\/users\/1"}],"replies":[{"embeddable":true,"href":"https:\/\/lmt-consultores.com\/en\/wp-json\/wp\/v2\/comments?post=618"}],"version-history":[{"count":1,"href":"https:\/\/lmt-consultores.com\/en\/wp-json\/wp\/v2\/posts\/618\/revisions"}],"predecessor-version":[{"id":619,"href":"https:\/\/lmt-consultores.com\/en\/wp-json\/wp\/v2\/posts\/618\/revisions\/619"}],"wp:featuredmedia":[{"embeddable":true,"href":"https:\/\/lmt-consultores.com\/en\/wp-json\/wp\/v2\/media\/867"}],"wp:attachment":[{"href":"https:\/\/lmt-consultores.com\/en\/wp-json\/wp\/v2\/media?parent=618"}],"wp:term":[{"taxonomy":"category","embeddable":true,"href":"https:\/\/lmt-consultores.com\/en\/wp-json\/wp\/v2\/categories?post=618"},{"taxonomy":"post_tag","embeddable":true,"href":"https:\/\/lmt-consultores.com\/en\/wp-json\/wp\/v2\/tags?post=618"}],"curies":[{"name":"wp","href":"https:\/\/api.w.org\/{rel}","templated":true}]}}