{"id":614,"date":"2021-08-01T07:01:19","date_gmt":"2021-08-01T10:01:19","guid":{"rendered":"https:\/\/i2w.com.br\/lmtconsultores\/?p=614"},"modified":"2023-11-23T08:45:48","modified_gmt":"2023-11-23T11:45:48","slug":"lojas-historicas-de-lisboa-e-preciso-comprarmos-la-coisas-texto-de-joao-bernardo-galvao-teles-no-jornal-publico","status":"publish","type":"post","link":"https:\/\/lmt-consultores.com\/en\/lojas-historicas-de-lisboa-e-preciso-comprarmos-la-coisas-texto-de-joao-bernardo-galvao-teles-no-jornal-publico\/","title":{"rendered":"&#8220;Lojas hist\u00f3ricas de Lisboa: \u00e9 preciso comprarmos l\u00e1 coisas!&#8221;, texto de Jo\u00e3o Bernardo Galv\u00e3o Teles no jornal P\u00fablico"},"content":{"rendered":"<p><span style=\"font-weight: 400;\">Jo\u00e3o Bernardo Galv\u00e3o Teles, s\u00f3cio da LMT Consultores em Hist\u00f3ria e Patrim\u00f3nio, assinou o artigo de opini\u00e3o <\/span><i><span style=\"font-weight: 400;\">Lojas hist\u00f3ricas de Lisboa: \u00e9 preciso comprarmos l\u00e1 coisas!<\/span><\/i><span style=\"font-weight: 400;\">, ontem publicado no jornal <\/span><i><span style=\"font-weight: 400;\">P\u00fablico<\/span><\/i><span style=\"font-weight: 400;\">, num suplemento comemorativo dos cinco anos do programa Lojas com Hist\u00f3ria, criado pela C\u00e2mara Municipal de Lisboa.<\/span><\/p>","protected":false},"excerpt":{"rendered":"<p>Jo\u00e3o Bernardo Galv\u00e3o Teles, s\u00f3cio da LMT Consultores em Hist\u00f3ria e Patrim\u00f3nio, assinou o artigo de opini\u00e3o Lojas hist\u00f3ricas de Lisboa: \u00e9 preciso comprarmos l\u00e1 coisas!, ontem publicado no jornal P\u00fablico, num suplemento comemorativo dos cinco anos do programa Lojas com Hist\u00f3ria, criado pela C\u00e2mara Municipal de Lisboa.<\/p>","protected":false},"author":1,"featured_media":865,"comment_status":"open","ping_status":"open","sticky":false,"template":"","format":"standard","meta":{"footnotes":""},"categories":[1],"tags":[],"class_list":["post-614","post","type-post","status-publish","format-standard","has-post-thumbnail","hentry","category-uncategorized"],"acf":[],"yoast_head":"<!-- This site is optimized with the Yoast SEO plugin v21.6 - https:\/\/yoast.com\/wordpress\/plugins\/seo\/ -->\n<title>&quot;Lojas hist\u00f3ricas de Lisboa: \u00e9 preciso comprarmos l\u00e1 coisas!&quot;, texto de Jo\u00e3o Bernardo Galv\u00e3o Teles no jornal P\u00fablico - LMT Consultores<\/title>\n<meta name=\"robots\" content=\"index, follow, max-snippet:-1, max-image-preview:large, max-video-preview:-1\" \/>\n<link rel=\"canonical\" href=\"https:\/\/lmt-consultores.com\/en\/lojas-historicas-de-lisboa-e-preciso-comprarmos-la-coisas-texto-de-joao-bernardo-galvao-teles-no-jornal-publico\/\" \/>\n<meta property=\"og:locale\" content=\"en_US\" \/>\n<meta property=\"og:type\" content=\"article\" \/>\n<meta property=\"og:title\" content=\"&quot;Lojas hist\u00f3ricas de Lisboa: \u00e9 preciso comprarmos l\u00e1 coisas!&quot;, texto de Jo\u00e3o Bernardo Galv\u00e3o Teles no jornal P\u00fablico - LMT Consultores\" \/>\n<meta property=\"og:description\" content=\"Jo\u00e3o Bernardo Galv\u00e3o Teles, s\u00f3cio da LMT Consultores em Hist\u00f3ria e Patrim\u00f3nio, assinou o artigo de opini\u00e3o Lojas hist\u00f3ricas de Lisboa: \u00e9 preciso comprarmos l\u00e1 coisas!, ontem publicado no jornal P\u00fablico, num suplemento comemorativo dos cinco anos do programa Lojas com Hist\u00f3ria, criado pela C\u00e2mara Municipal de Lisboa.\" \/>\n<meta property=\"og:url\" content=\"https:\/\/lmt-consultores.com\/en\/lojas-historicas-de-lisboa-e-preciso-comprarmos-la-coisas-texto-de-joao-bernardo-galvao-teles-no-jornal-publico\/\" \/>\n<meta property=\"og:site_name\" content=\"LMT Consultores\" \/>\n<meta property=\"article:published_time\" content=\"2021-08-01T10:01:19+00:00\" \/>\n<meta property=\"article:modified_time\" content=\"2023-11-23T11:45:48+00:00\" \/>\n<meta property=\"og:image\" content=\"https:\/\/lmt-consultores.com\/wp-content\/uploads\/2021\/08\/LMT-noticias-05.jpg\" \/>\n\t<meta property=\"og:image:width\" content=\"480\" \/>\n\t<meta property=\"og:image:height\" content=\"583\" \/>\n\t<meta property=\"og:image:type\" content=\"image\/jpeg\" \/>\n<meta name=\"author\" content=\"lais.i2w\" \/>\n<meta name=\"twitter:card\" content=\"summary_large_image\" \/>\n<meta name=\"twitter:label1\" content=\"Written by\" \/>\n\t<meta name=\"twitter:data1\" content=\"lais.i2w\" \/>\n\t<meta name=\"twitter:label2\" content=\"Est. reading time\" \/>\n\t<meta name=\"twitter:data2\" content=\"1 minute\" \/>\n<script type=\"application\/ld+json\" class=\"yoast-schema-graph\">{\"@context\":\"https:\/\/schema.org\",\"@graph\":[{\"@type\":\"WebPage\",\"@id\":\"https:\/\/lmt-consultores.com\/lojas-historicas-de-lisboa-e-preciso-comprarmos-la-coisas-texto-de-joao-bernardo-galvao-teles-no-jornal-publico\/\",\"url\":\"https:\/\/lmt-consultores.com\/lojas-historicas-de-lisboa-e-preciso-comprarmos-la-coisas-texto-de-joao-bernardo-galvao-teles-no-jornal-publico\/\",\"name\":\"\\\"Lojas hist\u00f3ricas de Lisboa: \u00e9 preciso comprarmos l\u00e1 coisas!\\\", texto de Jo\u00e3o Bernardo Galv\u00e3o Teles no jornal P\u00fablico - LMT Consultores\",\"isPartOf\":{\"@id\":\"https:\/\/lmt-consultores.com\/#website\"},\"datePublished\":\"2021-08-01T10:01:19+00:00\",\"dateModified\":\"2023-11-23T11:45:48+00:00\",\"author\":{\"@id\":\"https:\/\/lmt-consultores.com\/#\/schema\/person\/fb0e3f2ad5669a436af9dd81df4c07bf\"},\"breadcrumb\":{\"@id\":\"https:\/\/lmt-consultores.com\/lojas-historicas-de-lisboa-e-preciso-comprarmos-la-coisas-texto-de-joao-bernardo-galvao-teles-no-jornal-publico\/#breadcrumb\"},\"inLanguage\":\"en-US\",\"potentialAction\":[{\"@type\":\"ReadAction\",\"target\":[\"https:\/\/lmt-consultores.com\/lojas-historicas-de-lisboa-e-preciso-comprarmos-la-coisas-texto-de-joao-bernardo-galvao-teles-no-jornal-publico\/\"]}]},{\"@type\":\"BreadcrumbList\",\"@id\":\"https:\/\/lmt-consultores.com\/lojas-historicas-de-lisboa-e-preciso-comprarmos-la-coisas-texto-de-joao-bernardo-galvao-teles-no-jornal-publico\/#breadcrumb\",\"itemListElement\":[{\"@type\":\"ListItem\",\"position\":1,\"name\":\"Home\",\"item\":\"https:\/\/lmt-consultores.com\/\"},{\"@type\":\"ListItem\",\"position\":2,\"name\":\"&#8220;Lojas hist\u00f3ricas de Lisboa: \u00e9 preciso comprarmos l\u00e1 coisas!&#8221;, texto de Jo\u00e3o Bernardo Galv\u00e3o Teles no jornal P\u00fablico\"}]},{\"@type\":\"WebSite\",\"@id\":\"https:\/\/lmt-consultores.com\/#website\",\"url\":\"https:\/\/lmt-consultores.com\/\",\"name\":\"LMT Consultores\",\"description\":\"\",\"potentialAction\":[{\"@type\":\"SearchAction\",\"target\":{\"@type\":\"EntryPoint\",\"urlTemplate\":\"https:\/\/lmt-consultores.com\/?s={search_term_string}\"},\"query-input\":\"required name=search_term_string\"}],\"inLanguage\":\"en-US\"},{\"@type\":\"Person\",\"@id\":\"https:\/\/lmt-consultores.com\/#\/schema\/person\/fb0e3f2ad5669a436af9dd81df4c07bf\",\"name\":\"lais.i2w\",\"image\":{\"@type\":\"ImageObject\",\"inLanguage\":\"en-US\",\"@id\":\"https:\/\/lmt-consultores.com\/#\/schema\/person\/image\/\",\"url\":\"https:\/\/secure.gravatar.com\/avatar\/8b4b354cc1ccfe19b49459dc20c468eb0301f1084655a988e1c380a76b769d09?s=96&d=mm&r=g\",\"contentUrl\":\"https:\/\/secure.gravatar.com\/avatar\/8b4b354cc1ccfe19b49459dc20c468eb0301f1084655a988e1c380a76b769d09?s=96&d=mm&r=g\",\"caption\":\"lais.i2w\"},\"sameAs\":[\"https:\/\/lmt-consultores.com\"],\"url\":\"https:\/\/lmt-consultores.com\/en\/author\/lais-i2w\/\"}]}<\/script>\n<!-- \/ Yoast SEO plugin. -->","yoast_head_json":{"title":"\"Lojas hist\u00f3ricas de Lisboa: \u00e9 preciso comprarmos l\u00e1 coisas!\", texto de Jo\u00e3o Bernardo Galv\u00e3o Teles no jornal P\u00fablico - LMT Consultores","robots":{"index":"index","follow":"follow","max-snippet":"max-snippet:-1","max-image-preview":"max-image-preview:large","max-video-preview":"max-video-preview:-1"},"canonical":"https:\/\/lmt-consultores.com\/en\/lojas-historicas-de-lisboa-e-preciso-comprarmos-la-coisas-texto-de-joao-bernardo-galvao-teles-no-jornal-publico\/","og_locale":"en_US","og_type":"article","og_title":"\"Lojas hist\u00f3ricas de Lisboa: \u00e9 preciso comprarmos l\u00e1 coisas!\", texto de Jo\u00e3o Bernardo Galv\u00e3o Teles no jornal P\u00fablico - LMT Consultores","og_description":"Jo\u00e3o Bernardo Galv\u00e3o Teles, s\u00f3cio da LMT Consultores em Hist\u00f3ria e Patrim\u00f3nio, assinou o artigo de opini\u00e3o Lojas hist\u00f3ricas de Lisboa: \u00e9 preciso comprarmos l\u00e1 coisas!, ontem publicado no jornal P\u00fablico, num suplemento comemorativo dos cinco anos do programa Lojas com Hist\u00f3ria, criado pela C\u00e2mara Municipal de Lisboa.","og_url":"https:\/\/lmt-consultores.com\/en\/lojas-historicas-de-lisboa-e-preciso-comprarmos-la-coisas-texto-de-joao-bernardo-galvao-teles-no-jornal-publico\/","og_site_name":"LMT Consultores","article_published_time":"2021-08-01T10:01:19+00:00","article_modified_time":"2023-11-23T11:45:48+00:00","og_image":[{"width":480,"height":583,"url":"https:\/\/lmt-consultores.com\/wp-content\/uploads\/2021\/08\/LMT-noticias-05.jpg","type":"image\/jpeg"}],"author":"lais.i2w","twitter_card":"summary_large_image","twitter_misc":{"Written by":"lais.i2w","Est. reading time":"1 minute"},"schema":{"@context":"https:\/\/schema.org","@graph":[{"@type":"WebPage","@id":"https:\/\/lmt-consultores.com\/lojas-historicas-de-lisboa-e-preciso-comprarmos-la-coisas-texto-de-joao-bernardo-galvao-teles-no-jornal-publico\/","url":"https:\/\/lmt-consultores.com\/lojas-historicas-de-lisboa-e-preciso-comprarmos-la-coisas-texto-de-joao-bernardo-galvao-teles-no-jornal-publico\/","name":"\"Lojas hist\u00f3ricas de Lisboa: \u00e9 preciso comprarmos l\u00e1 coisas!\", texto de Jo\u00e3o Bernardo Galv\u00e3o Teles no jornal P\u00fablico - LMT Consultores","isPartOf":{"@id":"https:\/\/lmt-consultores.com\/#website"},"datePublished":"2021-08-01T10:01:19+00:00","dateModified":"2023-11-23T11:45:48+00:00","author":{"@id":"https:\/\/lmt-consultores.com\/#\/schema\/person\/fb0e3f2ad5669a436af9dd81df4c07bf"},"breadcrumb":{"@id":"https:\/\/lmt-consultores.com\/lojas-historicas-de-lisboa-e-preciso-comprarmos-la-coisas-texto-de-joao-bernardo-galvao-teles-no-jornal-publico\/#breadcrumb"},"inLanguage":"en-US","potentialAction":[{"@type":"ReadAction","target":["https:\/\/lmt-consultores.com\/lojas-historicas-de-lisboa-e-preciso-comprarmos-la-coisas-texto-de-joao-bernardo-galvao-teles-no-jornal-publico\/"]}]},{"@type":"BreadcrumbList","@id":"https:\/\/lmt-consultores.com\/lojas-historicas-de-lisboa-e-preciso-comprarmos-la-coisas-texto-de-joao-bernardo-galvao-teles-no-jornal-publico\/#breadcrumb","itemListElement":[{"@type":"ListItem","position":1,"name":"Home","item":"https:\/\/lmt-consultores.com\/"},{"@type":"ListItem","position":2,"name":"&#8220;Lojas hist\u00f3ricas de Lisboa: \u00e9 preciso comprarmos l\u00e1 coisas!&#8221;, texto de Jo\u00e3o Bernardo Galv\u00e3o Teles no jornal P\u00fablico"}]},{"@type":"WebSite","@id":"https:\/\/lmt-consultores.com\/#website","url":"https:\/\/lmt-consultores.com\/","name":"LMT Consultores","description":"","potentialAction":[{"@type":"SearchAction","target":{"@type":"EntryPoint","urlTemplate":"https:\/\/lmt-consultores.com\/?s={search_term_string}"},"query-input":"required name=search_term_string"}],"inLanguage":"en-US"},{"@type":"Person","@id":"https:\/\/lmt-consultores.com\/#\/schema\/person\/fb0e3f2ad5669a436af9dd81df4c07bf","name":"lais.i2w","image":{"@type":"ImageObject","inLanguage":"en-US","@id":"https:\/\/lmt-consultores.com\/#\/schema\/person\/image\/","url":"https:\/\/secure.gravatar.com\/avatar\/8b4b354cc1ccfe19b49459dc20c468eb0301f1084655a988e1c380a76b769d09?s=96&d=mm&r=g","contentUrl":"https:\/\/secure.gravatar.com\/avatar\/8b4b354cc1ccfe19b49459dc20c468eb0301f1084655a988e1c380a76b769d09?s=96&d=mm&r=g","caption":"lais.i2w"},"sameAs":["https:\/\/lmt-consultores.com"],"url":"https:\/\/lmt-consultores.com\/en\/author\/lais-i2w\/"}]}},"_links":{"self":[{"href":"https:\/\/lmt-consultores.com\/en\/wp-json\/wp\/v2\/posts\/614","targetHints":{"allow":["GET"]}}],"collection":[{"href":"https:\/\/lmt-consultores.com\/en\/wp-json\/wp\/v2\/posts"}],"about":[{"href":"https:\/\/lmt-consultores.com\/en\/wp-json\/wp\/v2\/types\/post"}],"author":[{"embeddable":true,"href":"https:\/\/lmt-consultores.com\/en\/wp-json\/wp\/v2\/users\/1"}],"replies":[{"embeddable":true,"href":"https:\/\/lmt-consultores.com\/en\/wp-json\/wp\/v2\/comments?post=614"}],"version-history":[{"count":1,"href":"https:\/\/lmt-consultores.com\/en\/wp-json\/wp\/v2\/posts\/614\/revisions"}],"predecessor-version":[{"id":615,"href":"https:\/\/lmt-consultores.com\/en\/wp-json\/wp\/v2\/posts\/614\/revisions\/615"}],"wp:featuredmedia":[{"embeddable":true,"href":"https:\/\/lmt-consultores.com\/en\/wp-json\/wp\/v2\/media\/865"}],"wp:attachment":[{"href":"https:\/\/lmt-consultores.com\/en\/wp-json\/wp\/v2\/media?parent=614"}],"wp:term":[{"taxonomy":"category","embeddable":true,"href":"https:\/\/lmt-consultores.com\/en\/wp-json\/wp\/v2\/categories?post=614"},{"taxonomy":"post_tag","embeddable":true,"href":"https:\/\/lmt-consultores.com\/en\/wp-json\/wp\/v2\/tags?post=614"}],"curies":[{"name":"wp","href":"https:\/\/api.w.org\/{rel}","templated":true}]}}