{"id":464,"date":"2019-01-28T11:51:55","date_gmt":"2019-01-28T13:51:55","guid":{"rendered":"https:\/\/i2w.com.br\/lmtconsultores\/?p=464"},"modified":"2023-10-02T11:52:05","modified_gmt":"2023-10-02T14:52:05","slug":"lourenco-correia-de-matos-revela-um-ex-libris-heraldico-inedito-do-seculo-xviii","status":"publish","type":"post","link":"https:\/\/lmt-consultores.com\/en\/lourenco-correia-de-matos-revela-um-ex-libris-heraldico-inedito-do-seculo-xviii\/","title":{"rendered":"Louren\u00e7o Correia de Matos revela um ex-l\u00edbris her\u00e1ldico in\u00e9dito do s\u00e9culo XVIII"},"content":{"rendered":"<p>No passado dia 26,\u00a0<strong>Louren\u00e7o Correia de Matos<\/strong>, s\u00f3cio da LMT Consultores em Hist\u00f3ria e Patrim\u00f3nio,\u00a0<strong>apresentou na Academia Portuguesa de Ex-L\u00edbris uma comunica\u00e7\u00e3o intitulada\u00a0<em>Um ex-l\u00edbris her\u00e1ldico in\u00e9dito do s\u00e9culo XVIII<\/em><\/strong>, durante a abertura do ano acad\u00e9mico da institui\u00e7\u00e3o e inaugura\u00e7\u00e3o da nova sede.<\/p>\n<p>Apesar de se conhecerem in\u00fameros ex-l\u00edbris her\u00e1ldicos daquele per\u00edodo, inventariados na bibliografia existente sobre o tema, muitos outros poder\u00e3o existir. O exemplar que nesta comunica\u00e7\u00e3o se apresentou pertenceu a um conde de Unh\u00e3o do s\u00e9culo XVIII \u2013 o 4.\u00ba ou o 5.\u00ba titular \u2013, e era absolutamente desconhecido.<\/p>\n<p>Durante a comunica\u00e7\u00e3o foram apresentadas outras manifesta\u00e7\u00f5es her\u00e1ldicas dos condes de Unh\u00e3o, corrigindo informa\u00e7\u00f5es erradas e procurando explicar as circunst\u00e2ncias da composi\u00e7\u00e3o her\u00e1ldica usada pela fam\u00edlia, em que merece especial destaque a inclus\u00e3o das armas dos Lancastres no primeiro quartel, pela pretens\u00e3o que os condes de Unh\u00e3o tinham \u00e0 casa dos duques de Aveiro, que chegaram a pleitear judicialmente.<\/p>","protected":false},"excerpt":{"rendered":"<p>No passado dia 26,\u00a0Louren\u00e7o Correia de Matos, s\u00f3cio da LMT Consultores em Hist\u00f3ria e Patrim\u00f3nio,\u00a0apresentou na Academia Portuguesa de Ex-L\u00edbris uma comunica\u00e7\u00e3o intitulada\u00a0Um ex-l\u00edbris her\u00e1ldico in\u00e9dito do s\u00e9culo XVIII, durante a abertura do ano acad\u00e9mico da institui\u00e7\u00e3o e inaugura\u00e7\u00e3o da nova sede. Apesar de se conhecerem in\u00fameros ex-l\u00edbris her\u00e1ldicos daquele per\u00edodo, inventariados na bibliografia existente [&hellip;]<\/p>","protected":false},"author":1,"featured_media":465,"comment_status":"open","ping_status":"open","sticky":false,"template":"","format":"standard","meta":{"footnotes":""},"categories":[1],"tags":[],"class_list":["post-464","post","type-post","status-publish","format-standard","has-post-thumbnail","hentry","category-uncategorized"],"acf":[],"yoast_head":"<!-- This site is optimized with the Yoast SEO plugin v21.6 - https:\/\/yoast.com\/wordpress\/plugins\/seo\/ -->\n<title>Louren\u00e7o Correia de Matos revela um ex-l\u00edbris her\u00e1ldico in\u00e9dito do s\u00e9culo XVIII - LMT Consultores<\/title>\n<meta name=\"robots\" content=\"index, follow, max-snippet:-1, max-image-preview:large, max-video-preview:-1\" \/>\n<link rel=\"canonical\" href=\"https:\/\/lmt-consultores.com\/en\/lourenco-correia-de-matos-revela-um-ex-libris-heraldico-inedito-do-seculo-xviii\/\" \/>\n<meta property=\"og:locale\" content=\"en_US\" \/>\n<meta property=\"og:type\" content=\"article\" \/>\n<meta property=\"og:title\" content=\"Louren\u00e7o Correia de Matos revela um ex-l\u00edbris her\u00e1ldico in\u00e9dito do s\u00e9culo XVIII - LMT Consultores\" \/>\n<meta property=\"og:description\" content=\"No passado dia 26,\u00a0Louren\u00e7o Correia de Matos, s\u00f3cio da LMT Consultores em Hist\u00f3ria e Patrim\u00f3nio,\u00a0apresentou na Academia Portuguesa de Ex-L\u00edbris uma comunica\u00e7\u00e3o intitulada\u00a0Um ex-l\u00edbris her\u00e1ldico in\u00e9dito do s\u00e9culo XVIII, durante a abertura do ano acad\u00e9mico da institui\u00e7\u00e3o e inaugura\u00e7\u00e3o da nova sede. Apesar de se conhecerem in\u00fameros ex-l\u00edbris her\u00e1ldicos daquele per\u00edodo, inventariados na bibliografia existente [&hellip;]\" \/>\n<meta property=\"og:url\" content=\"https:\/\/lmt-consultores.com\/en\/lourenco-correia-de-matos-revela-um-ex-libris-heraldico-inedito-do-seculo-xviii\/\" \/>\n<meta property=\"og:site_name\" content=\"LMT Consultores\" \/>\n<meta property=\"article:published_time\" content=\"2019-01-28T13:51:55+00:00\" \/>\n<meta property=\"article:modified_time\" content=\"2023-10-02T14:52:05+00:00\" \/>\n<meta property=\"og:image\" content=\"https:\/\/lmt-consultores.com\/wp-content\/uploads\/2023\/10\/timbre.jpg\" \/>\n\t<meta property=\"og:image:width\" content=\"342\" \/>\n\t<meta property=\"og:image:height\" content=\"186\" \/>\n\t<meta property=\"og:image:type\" content=\"image\/jpeg\" \/>\n<meta name=\"author\" content=\"lais.i2w\" \/>\n<meta name=\"twitter:card\" content=\"summary_large_image\" \/>\n<meta name=\"twitter:label1\" content=\"Written by\" \/>\n\t<meta name=\"twitter:data1\" content=\"lais.i2w\" \/>\n\t<meta name=\"twitter:label2\" content=\"Est. reading time\" \/>\n\t<meta name=\"twitter:data2\" content=\"1 minute\" \/>\n<script type=\"application\/ld+json\" class=\"yoast-schema-graph\">{\"@context\":\"https:\/\/schema.org\",\"@graph\":[{\"@type\":\"WebPage\",\"@id\":\"https:\/\/lmt-consultores.com\/lourenco-correia-de-matos-revela-um-ex-libris-heraldico-inedito-do-seculo-xviii\/\",\"url\":\"https:\/\/lmt-consultores.com\/lourenco-correia-de-matos-revela-um-ex-libris-heraldico-inedito-do-seculo-xviii\/\",\"name\":\"Louren\u00e7o Correia de Matos revela um ex-l\u00edbris her\u00e1ldico in\u00e9dito do s\u00e9culo XVIII - LMT Consultores\",\"isPartOf\":{\"@id\":\"https:\/\/lmt-consultores.com\/#website\"},\"datePublished\":\"2019-01-28T13:51:55+00:00\",\"dateModified\":\"2023-10-02T14:52:05+00:00\",\"author\":{\"@id\":\"https:\/\/lmt-consultores.com\/#\/schema\/person\/fb0e3f2ad5669a436af9dd81df4c07bf\"},\"breadcrumb\":{\"@id\":\"https:\/\/lmt-consultores.com\/lourenco-correia-de-matos-revela-um-ex-libris-heraldico-inedito-do-seculo-xviii\/#breadcrumb\"},\"inLanguage\":\"en-US\",\"potentialAction\":[{\"@type\":\"ReadAction\",\"target\":[\"https:\/\/lmt-consultores.com\/lourenco-correia-de-matos-revela-um-ex-libris-heraldico-inedito-do-seculo-xviii\/\"]}]},{\"@type\":\"BreadcrumbList\",\"@id\":\"https:\/\/lmt-consultores.com\/lourenco-correia-de-matos-revela-um-ex-libris-heraldico-inedito-do-seculo-xviii\/#breadcrumb\",\"itemListElement\":[{\"@type\":\"ListItem\",\"position\":1,\"name\":\"Home\",\"item\":\"https:\/\/lmt-consultores.com\/\"},{\"@type\":\"ListItem\",\"position\":2,\"name\":\"Louren\u00e7o Correia de Matos revela um ex-l\u00edbris her\u00e1ldico in\u00e9dito do s\u00e9culo XVIII\"}]},{\"@type\":\"WebSite\",\"@id\":\"https:\/\/lmt-consultores.com\/#website\",\"url\":\"https:\/\/lmt-consultores.com\/\",\"name\":\"LMT Consultores\",\"description\":\"\",\"potentialAction\":[{\"@type\":\"SearchAction\",\"target\":{\"@type\":\"EntryPoint\",\"urlTemplate\":\"https:\/\/lmt-consultores.com\/?s={search_term_string}\"},\"query-input\":\"required name=search_term_string\"}],\"inLanguage\":\"en-US\"},{\"@type\":\"Person\",\"@id\":\"https:\/\/lmt-consultores.com\/#\/schema\/person\/fb0e3f2ad5669a436af9dd81df4c07bf\",\"name\":\"lais.i2w\",\"image\":{\"@type\":\"ImageObject\",\"inLanguage\":\"en-US\",\"@id\":\"https:\/\/lmt-consultores.com\/#\/schema\/person\/image\/\",\"url\":\"https:\/\/secure.gravatar.com\/avatar\/8b4b354cc1ccfe19b49459dc20c468eb0301f1084655a988e1c380a76b769d09?s=96&d=mm&r=g\",\"contentUrl\":\"https:\/\/secure.gravatar.com\/avatar\/8b4b354cc1ccfe19b49459dc20c468eb0301f1084655a988e1c380a76b769d09?s=96&d=mm&r=g\",\"caption\":\"lais.i2w\"},\"sameAs\":[\"https:\/\/lmt-consultores.com\"],\"url\":\"https:\/\/lmt-consultores.com\/en\/author\/lais-i2w\/\"}]}<\/script>\n<!-- \/ Yoast SEO plugin. -->","yoast_head_json":{"title":"Louren\u00e7o Correia de Matos revela um ex-l\u00edbris her\u00e1ldico in\u00e9dito do s\u00e9culo XVIII - LMT Consultores","robots":{"index":"index","follow":"follow","max-snippet":"max-snippet:-1","max-image-preview":"max-image-preview:large","max-video-preview":"max-video-preview:-1"},"canonical":"https:\/\/lmt-consultores.com\/en\/lourenco-correia-de-matos-revela-um-ex-libris-heraldico-inedito-do-seculo-xviii\/","og_locale":"en_US","og_type":"article","og_title":"Louren\u00e7o Correia de Matos revela um ex-l\u00edbris her\u00e1ldico in\u00e9dito do s\u00e9culo XVIII - LMT Consultores","og_description":"No passado dia 26,\u00a0Louren\u00e7o Correia de Matos, s\u00f3cio da LMT Consultores em Hist\u00f3ria e Patrim\u00f3nio,\u00a0apresentou na Academia Portuguesa de Ex-L\u00edbris uma comunica\u00e7\u00e3o intitulada\u00a0Um ex-l\u00edbris her\u00e1ldico in\u00e9dito do s\u00e9culo XVIII, durante a abertura do ano acad\u00e9mico da institui\u00e7\u00e3o e inaugura\u00e7\u00e3o da nova sede. Apesar de se conhecerem in\u00fameros ex-l\u00edbris her\u00e1ldicos daquele per\u00edodo, inventariados na bibliografia existente [&hellip;]","og_url":"https:\/\/lmt-consultores.com\/en\/lourenco-correia-de-matos-revela-um-ex-libris-heraldico-inedito-do-seculo-xviii\/","og_site_name":"LMT Consultores","article_published_time":"2019-01-28T13:51:55+00:00","article_modified_time":"2023-10-02T14:52:05+00:00","og_image":[{"width":342,"height":186,"url":"https:\/\/lmt-consultores.com\/wp-content\/uploads\/2023\/10\/timbre.jpg","type":"image\/jpeg"}],"author":"lais.i2w","twitter_card":"summary_large_image","twitter_misc":{"Written by":"lais.i2w","Est. reading time":"1 minute"},"schema":{"@context":"https:\/\/schema.org","@graph":[{"@type":"WebPage","@id":"https:\/\/lmt-consultores.com\/lourenco-correia-de-matos-revela-um-ex-libris-heraldico-inedito-do-seculo-xviii\/","url":"https:\/\/lmt-consultores.com\/lourenco-correia-de-matos-revela-um-ex-libris-heraldico-inedito-do-seculo-xviii\/","name":"Louren\u00e7o Correia de Matos revela um ex-l\u00edbris her\u00e1ldico in\u00e9dito do s\u00e9culo XVIII - LMT Consultores","isPartOf":{"@id":"https:\/\/lmt-consultores.com\/#website"},"datePublished":"2019-01-28T13:51:55+00:00","dateModified":"2023-10-02T14:52:05+00:00","author":{"@id":"https:\/\/lmt-consultores.com\/#\/schema\/person\/fb0e3f2ad5669a436af9dd81df4c07bf"},"breadcrumb":{"@id":"https:\/\/lmt-consultores.com\/lourenco-correia-de-matos-revela-um-ex-libris-heraldico-inedito-do-seculo-xviii\/#breadcrumb"},"inLanguage":"en-US","potentialAction":[{"@type":"ReadAction","target":["https:\/\/lmt-consultores.com\/lourenco-correia-de-matos-revela-um-ex-libris-heraldico-inedito-do-seculo-xviii\/"]}]},{"@type":"BreadcrumbList","@id":"https:\/\/lmt-consultores.com\/lourenco-correia-de-matos-revela-um-ex-libris-heraldico-inedito-do-seculo-xviii\/#breadcrumb","itemListElement":[{"@type":"ListItem","position":1,"name":"Home","item":"https:\/\/lmt-consultores.com\/"},{"@type":"ListItem","position":2,"name":"Louren\u00e7o Correia de Matos revela um ex-l\u00edbris her\u00e1ldico in\u00e9dito do s\u00e9culo XVIII"}]},{"@type":"WebSite","@id":"https:\/\/lmt-consultores.com\/#website","url":"https:\/\/lmt-consultores.com\/","name":"LMT Consultores","description":"","potentialAction":[{"@type":"SearchAction","target":{"@type":"EntryPoint","urlTemplate":"https:\/\/lmt-consultores.com\/?s={search_term_string}"},"query-input":"required name=search_term_string"}],"inLanguage":"en-US"},{"@type":"Person","@id":"https:\/\/lmt-consultores.com\/#\/schema\/person\/fb0e3f2ad5669a436af9dd81df4c07bf","name":"lais.i2w","image":{"@type":"ImageObject","inLanguage":"en-US","@id":"https:\/\/lmt-consultores.com\/#\/schema\/person\/image\/","url":"https:\/\/secure.gravatar.com\/avatar\/8b4b354cc1ccfe19b49459dc20c468eb0301f1084655a988e1c380a76b769d09?s=96&d=mm&r=g","contentUrl":"https:\/\/secure.gravatar.com\/avatar\/8b4b354cc1ccfe19b49459dc20c468eb0301f1084655a988e1c380a76b769d09?s=96&d=mm&r=g","caption":"lais.i2w"},"sameAs":["https:\/\/lmt-consultores.com"],"url":"https:\/\/lmt-consultores.com\/en\/author\/lais-i2w\/"}]}},"_links":{"self":[{"href":"https:\/\/lmt-consultores.com\/en\/wp-json\/wp\/v2\/posts\/464","targetHints":{"allow":["GET"]}}],"collection":[{"href":"https:\/\/lmt-consultores.com\/en\/wp-json\/wp\/v2\/posts"}],"about":[{"href":"https:\/\/lmt-consultores.com\/en\/wp-json\/wp\/v2\/types\/post"}],"author":[{"embeddable":true,"href":"https:\/\/lmt-consultores.com\/en\/wp-json\/wp\/v2\/users\/1"}],"replies":[{"embeddable":true,"href":"https:\/\/lmt-consultores.com\/en\/wp-json\/wp\/v2\/comments?post=464"}],"version-history":[{"count":1,"href":"https:\/\/lmt-consultores.com\/en\/wp-json\/wp\/v2\/posts\/464\/revisions"}],"predecessor-version":[{"id":466,"href":"https:\/\/lmt-consultores.com\/en\/wp-json\/wp\/v2\/posts\/464\/revisions\/466"}],"wp:featuredmedia":[{"embeddable":true,"href":"https:\/\/lmt-consultores.com\/en\/wp-json\/wp\/v2\/media\/465"}],"wp:attachment":[{"href":"https:\/\/lmt-consultores.com\/en\/wp-json\/wp\/v2\/media?parent=464"}],"wp:term":[{"taxonomy":"category","embeddable":true,"href":"https:\/\/lmt-consultores.com\/en\/wp-json\/wp\/v2\/categories?post=464"},{"taxonomy":"post_tag","embeddable":true,"href":"https:\/\/lmt-consultores.com\/en\/wp-json\/wp\/v2\/tags?post=464"}],"curies":[{"name":"wp","href":"https:\/\/api.w.org\/{rel}","templated":true}]}}