{"id":454,"date":"2018-11-30T11:50:27","date_gmt":"2018-11-30T13:50:27","guid":{"rendered":"https:\/\/i2w.com.br\/lmtconsultores\/?p=454"},"modified":"2023-10-02T11:50:37","modified_gmt":"2023-10-02T14:50:37","slug":"livro-as-familias-reais-dos-nossos-dias-tradicao-e-realidade-apresentado-por-lourenco-correia-de-matos","status":"publish","type":"post","link":"https:\/\/lmt-consultores.com\/en\/livro-as-familias-reais-dos-nossos-dias-tradicao-e-realidade-apresentado-por-lourenco-correia-de-matos\/","title":{"rendered":"Livro &#8220;As Fam\u00edlias Reais dos nossos dias &#8211; Tradi\u00e7\u00e3o e Realidade&#8221; apresentado por Louren\u00e7o Correia de Matos"},"content":{"rendered":"<p><strong>Louren\u00e7o Correia de Matos<\/strong>, s\u00f3cio da LMT Consultores em Hist\u00f3ria e Patrim\u00f3nio,\u00a0<strong>apresentou no passado dia 27, no Gr\u00e9mio Liter\u00e1rio, ao Chiado, o mais recente livro do embaixador Jos\u00e9 de Bouza Serrano<\/strong>,\u00a0<em>As Fam\u00edlias Reais dos nossos dias &#8211; Tradi\u00e7\u00e3o e Realidade<\/em>.<\/p>\n<p>Na sua interven\u00e7\u00e3o, Louren\u00e7o Correia de Matos contextualizou aspectos hist\u00f3ricos do livro, nomeadamente no que respeita ao conceito de casamento morgan\u00e1tico, tantas vezes mal interpretado, e abordou tamb\u00e9m diversas outras quest\u00f5es relativas aos casamentos dos membros das Fam\u00edlias Reais e \u00e0s altera\u00e7\u00f5es no paradigma destes, assim como das leis sucess\u00f3rias das monarquias europeias.<\/p>\n<p>Editada pela Esfera dos Livros, a obra contou ainda com uma apresenta\u00e7\u00e3o da responsabilidade do embaixador Francisco Seixas da Costa, que no seu blogue\u00a0<a href=\"https:\/\/duas-ou-tres.blogspot.com\/2018\/11\/monarquias-europeias.html\" target=\"_blank\" rel=\"noopener\"><em>duas ou tr\u00eas coisas<\/em><\/a>\u00a0escreveu sobre este evento.<\/p>\n<p><img loading=\"lazy\" decoding=\"async\" class=\"alignnone size-full wp-image-456\" src=\"https:\/\/lmt-consultores.com\/wp-content\/uploads\/2023\/10\/Livro_Bouza_2.jpg\" alt=\"\" width=\"342\" height=\"181\" srcset=\"https:\/\/lmt-consultores.com\/wp-content\/uploads\/2023\/10\/Livro_Bouza_2.jpg 342w, https:\/\/lmt-consultores.com\/wp-content\/uploads\/2023\/10\/Livro_Bouza_2-18x10.jpg 18w\" sizes=\"auto, (max-width: 342px) 100vw, 342px\" \/><\/p>","protected":false},"excerpt":{"rendered":"<p>Louren\u00e7o Correia de Matos, s\u00f3cio da LMT Consultores em Hist\u00f3ria e Patrim\u00f3nio,\u00a0apresentou no passado dia 27, no Gr\u00e9mio Liter\u00e1rio, ao Chiado, o mais recente livro do embaixador Jos\u00e9 de Bouza Serrano,\u00a0As Fam\u00edlias Reais dos nossos dias &#8211; Tradi\u00e7\u00e3o e Realidade. Na sua interven\u00e7\u00e3o, Louren\u00e7o Correia de Matos contextualizou aspectos hist\u00f3ricos do livro, nomeadamente no que [&hellip;]<\/p>","protected":false},"author":1,"featured_media":455,"comment_status":"open","ping_status":"open","sticky":false,"template":"","format":"standard","meta":{"footnotes":""},"categories":[1],"tags":[],"class_list":["post-454","post","type-post","status-publish","format-standard","has-post-thumbnail","hentry","category-uncategorized"],"acf":[],"yoast_head":"<!-- This site is optimized with the Yoast SEO plugin v21.6 - https:\/\/yoast.com\/wordpress\/plugins\/seo\/ -->\n<title>Livro &quot;As Fam\u00edlias Reais dos nossos dias - Tradi\u00e7\u00e3o e Realidade&quot; apresentado por Louren\u00e7o Correia de Matos - LMT Consultores<\/title>\n<meta name=\"robots\" content=\"index, follow, max-snippet:-1, max-image-preview:large, max-video-preview:-1\" \/>\n<link rel=\"canonical\" href=\"https:\/\/lmt-consultores.com\/en\/livro-as-familias-reais-dos-nossos-dias-tradicao-e-realidade-apresentado-por-lourenco-correia-de-matos\/\" \/>\n<meta property=\"og:locale\" content=\"en_US\" \/>\n<meta property=\"og:type\" content=\"article\" \/>\n<meta property=\"og:title\" content=\"Livro &quot;As Fam\u00edlias Reais dos nossos dias - Tradi\u00e7\u00e3o e Realidade&quot; apresentado por Louren\u00e7o Correia de Matos - LMT Consultores\" \/>\n<meta property=\"og:description\" content=\"Louren\u00e7o Correia de Matos, s\u00f3cio da LMT Consultores em Hist\u00f3ria e Patrim\u00f3nio,\u00a0apresentou no passado dia 27, no Gr\u00e9mio Liter\u00e1rio, ao Chiado, o mais recente livro do embaixador Jos\u00e9 de Bouza Serrano,\u00a0As Fam\u00edlias Reais dos nossos dias &#8211; Tradi\u00e7\u00e3o e Realidade. Na sua interven\u00e7\u00e3o, Louren\u00e7o Correia de Matos contextualizou aspectos hist\u00f3ricos do livro, nomeadamente no que [&hellip;]\" \/>\n<meta property=\"og:url\" content=\"https:\/\/lmt-consultores.com\/en\/livro-as-familias-reais-dos-nossos-dias-tradicao-e-realidade-apresentado-por-lourenco-correia-de-matos\/\" \/>\n<meta property=\"og:site_name\" content=\"LMT Consultores\" \/>\n<meta property=\"article:published_time\" content=\"2018-11-30T13:50:27+00:00\" \/>\n<meta property=\"article:modified_time\" content=\"2023-10-02T14:50:37+00:00\" \/>\n<meta property=\"og:image\" content=\"https:\/\/lmt-consultores.com\/wp-content\/uploads\/2023\/10\/Livro_Bouza_1.jpg\" \/>\n\t<meta property=\"og:image:width\" content=\"342\" \/>\n\t<meta property=\"og:image:height\" content=\"181\" \/>\n\t<meta property=\"og:image:type\" content=\"image\/jpeg\" \/>\n<meta name=\"author\" content=\"lais.i2w\" \/>\n<meta name=\"twitter:card\" content=\"summary_large_image\" \/>\n<meta name=\"twitter:label1\" content=\"Written by\" \/>\n\t<meta name=\"twitter:data1\" content=\"lais.i2w\" \/>\n\t<meta name=\"twitter:label2\" content=\"Est. reading time\" \/>\n\t<meta name=\"twitter:data2\" content=\"1 minute\" \/>\n<script type=\"application\/ld+json\" class=\"yoast-schema-graph\">{\"@context\":\"https:\/\/schema.org\",\"@graph\":[{\"@type\":\"WebPage\",\"@id\":\"https:\/\/lmt-consultores.com\/livro-as-familias-reais-dos-nossos-dias-tradicao-e-realidade-apresentado-por-lourenco-correia-de-matos\/\",\"url\":\"https:\/\/lmt-consultores.com\/livro-as-familias-reais-dos-nossos-dias-tradicao-e-realidade-apresentado-por-lourenco-correia-de-matos\/\",\"name\":\"Livro \\\"As Fam\u00edlias Reais dos nossos dias - Tradi\u00e7\u00e3o e Realidade\\\" apresentado por Louren\u00e7o Correia de Matos - LMT Consultores\",\"isPartOf\":{\"@id\":\"https:\/\/lmt-consultores.com\/#website\"},\"datePublished\":\"2018-11-30T13:50:27+00:00\",\"dateModified\":\"2023-10-02T14:50:37+00:00\",\"author\":{\"@id\":\"https:\/\/lmt-consultores.com\/#\/schema\/person\/fb0e3f2ad5669a436af9dd81df4c07bf\"},\"breadcrumb\":{\"@id\":\"https:\/\/lmt-consultores.com\/livro-as-familias-reais-dos-nossos-dias-tradicao-e-realidade-apresentado-por-lourenco-correia-de-matos\/#breadcrumb\"},\"inLanguage\":\"en-US\",\"potentialAction\":[{\"@type\":\"ReadAction\",\"target\":[\"https:\/\/lmt-consultores.com\/livro-as-familias-reais-dos-nossos-dias-tradicao-e-realidade-apresentado-por-lourenco-correia-de-matos\/\"]}]},{\"@type\":\"BreadcrumbList\",\"@id\":\"https:\/\/lmt-consultores.com\/livro-as-familias-reais-dos-nossos-dias-tradicao-e-realidade-apresentado-por-lourenco-correia-de-matos\/#breadcrumb\",\"itemListElement\":[{\"@type\":\"ListItem\",\"position\":1,\"name\":\"Home\",\"item\":\"https:\/\/lmt-consultores.com\/\"},{\"@type\":\"ListItem\",\"position\":2,\"name\":\"Livro &#8220;As Fam\u00edlias Reais dos nossos dias &#8211; Tradi\u00e7\u00e3o e Realidade&#8221; apresentado por Louren\u00e7o Correia de Matos\"}]},{\"@type\":\"WebSite\",\"@id\":\"https:\/\/lmt-consultores.com\/#website\",\"url\":\"https:\/\/lmt-consultores.com\/\",\"name\":\"LMT Consultores\",\"description\":\"\",\"potentialAction\":[{\"@type\":\"SearchAction\",\"target\":{\"@type\":\"EntryPoint\",\"urlTemplate\":\"https:\/\/lmt-consultores.com\/?s={search_term_string}\"},\"query-input\":\"required name=search_term_string\"}],\"inLanguage\":\"en-US\"},{\"@type\":\"Person\",\"@id\":\"https:\/\/lmt-consultores.com\/#\/schema\/person\/fb0e3f2ad5669a436af9dd81df4c07bf\",\"name\":\"lais.i2w\",\"image\":{\"@type\":\"ImageObject\",\"inLanguage\":\"en-US\",\"@id\":\"https:\/\/lmt-consultores.com\/#\/schema\/person\/image\/\",\"url\":\"https:\/\/secure.gravatar.com\/avatar\/8b4b354cc1ccfe19b49459dc20c468eb0301f1084655a988e1c380a76b769d09?s=96&d=mm&r=g\",\"contentUrl\":\"https:\/\/secure.gravatar.com\/avatar\/8b4b354cc1ccfe19b49459dc20c468eb0301f1084655a988e1c380a76b769d09?s=96&d=mm&r=g\",\"caption\":\"lais.i2w\"},\"sameAs\":[\"https:\/\/lmt-consultores.com\"],\"url\":\"https:\/\/lmt-consultores.com\/en\/author\/lais-i2w\/\"}]}<\/script>\n<!-- \/ Yoast SEO plugin. -->","yoast_head_json":{"title":"Livro \"As Fam\u00edlias Reais dos nossos dias - Tradi\u00e7\u00e3o e Realidade\" apresentado por Louren\u00e7o Correia de Matos - LMT Consultores","robots":{"index":"index","follow":"follow","max-snippet":"max-snippet:-1","max-image-preview":"max-image-preview:large","max-video-preview":"max-video-preview:-1"},"canonical":"https:\/\/lmt-consultores.com\/en\/livro-as-familias-reais-dos-nossos-dias-tradicao-e-realidade-apresentado-por-lourenco-correia-de-matos\/","og_locale":"en_US","og_type":"article","og_title":"Livro \"As Fam\u00edlias Reais dos nossos dias - Tradi\u00e7\u00e3o e Realidade\" apresentado por Louren\u00e7o Correia de Matos - LMT Consultores","og_description":"Louren\u00e7o Correia de Matos, s\u00f3cio da LMT Consultores em Hist\u00f3ria e Patrim\u00f3nio,\u00a0apresentou no passado dia 27, no Gr\u00e9mio Liter\u00e1rio, ao Chiado, o mais recente livro do embaixador Jos\u00e9 de Bouza Serrano,\u00a0As Fam\u00edlias Reais dos nossos dias &#8211; Tradi\u00e7\u00e3o e Realidade. Na sua interven\u00e7\u00e3o, Louren\u00e7o Correia de Matos contextualizou aspectos hist\u00f3ricos do livro, nomeadamente no que [&hellip;]","og_url":"https:\/\/lmt-consultores.com\/en\/livro-as-familias-reais-dos-nossos-dias-tradicao-e-realidade-apresentado-por-lourenco-correia-de-matos\/","og_site_name":"LMT Consultores","article_published_time":"2018-11-30T13:50:27+00:00","article_modified_time":"2023-10-02T14:50:37+00:00","og_image":[{"width":342,"height":181,"url":"https:\/\/lmt-consultores.com\/wp-content\/uploads\/2023\/10\/Livro_Bouza_1.jpg","type":"image\/jpeg"}],"author":"lais.i2w","twitter_card":"summary_large_image","twitter_misc":{"Written by":"lais.i2w","Est. reading time":"1 minute"},"schema":{"@context":"https:\/\/schema.org","@graph":[{"@type":"WebPage","@id":"https:\/\/lmt-consultores.com\/livro-as-familias-reais-dos-nossos-dias-tradicao-e-realidade-apresentado-por-lourenco-correia-de-matos\/","url":"https:\/\/lmt-consultores.com\/livro-as-familias-reais-dos-nossos-dias-tradicao-e-realidade-apresentado-por-lourenco-correia-de-matos\/","name":"Livro \"As Fam\u00edlias Reais dos nossos dias - Tradi\u00e7\u00e3o e Realidade\" apresentado por Louren\u00e7o Correia de Matos - LMT Consultores","isPartOf":{"@id":"https:\/\/lmt-consultores.com\/#website"},"datePublished":"2018-11-30T13:50:27+00:00","dateModified":"2023-10-02T14:50:37+00:00","author":{"@id":"https:\/\/lmt-consultores.com\/#\/schema\/person\/fb0e3f2ad5669a436af9dd81df4c07bf"},"breadcrumb":{"@id":"https:\/\/lmt-consultores.com\/livro-as-familias-reais-dos-nossos-dias-tradicao-e-realidade-apresentado-por-lourenco-correia-de-matos\/#breadcrumb"},"inLanguage":"en-US","potentialAction":[{"@type":"ReadAction","target":["https:\/\/lmt-consultores.com\/livro-as-familias-reais-dos-nossos-dias-tradicao-e-realidade-apresentado-por-lourenco-correia-de-matos\/"]}]},{"@type":"BreadcrumbList","@id":"https:\/\/lmt-consultores.com\/livro-as-familias-reais-dos-nossos-dias-tradicao-e-realidade-apresentado-por-lourenco-correia-de-matos\/#breadcrumb","itemListElement":[{"@type":"ListItem","position":1,"name":"Home","item":"https:\/\/lmt-consultores.com\/"},{"@type":"ListItem","position":2,"name":"Livro &#8220;As Fam\u00edlias Reais dos nossos dias &#8211; Tradi\u00e7\u00e3o e Realidade&#8221; apresentado por Louren\u00e7o Correia de Matos"}]},{"@type":"WebSite","@id":"https:\/\/lmt-consultores.com\/#website","url":"https:\/\/lmt-consultores.com\/","name":"LMT Consultores","description":"","potentialAction":[{"@type":"SearchAction","target":{"@type":"EntryPoint","urlTemplate":"https:\/\/lmt-consultores.com\/?s={search_term_string}"},"query-input":"required name=search_term_string"}],"inLanguage":"en-US"},{"@type":"Person","@id":"https:\/\/lmt-consultores.com\/#\/schema\/person\/fb0e3f2ad5669a436af9dd81df4c07bf","name":"lais.i2w","image":{"@type":"ImageObject","inLanguage":"en-US","@id":"https:\/\/lmt-consultores.com\/#\/schema\/person\/image\/","url":"https:\/\/secure.gravatar.com\/avatar\/8b4b354cc1ccfe19b49459dc20c468eb0301f1084655a988e1c380a76b769d09?s=96&d=mm&r=g","contentUrl":"https:\/\/secure.gravatar.com\/avatar\/8b4b354cc1ccfe19b49459dc20c468eb0301f1084655a988e1c380a76b769d09?s=96&d=mm&r=g","caption":"lais.i2w"},"sameAs":["https:\/\/lmt-consultores.com"],"url":"https:\/\/lmt-consultores.com\/en\/author\/lais-i2w\/"}]}},"_links":{"self":[{"href":"https:\/\/lmt-consultores.com\/en\/wp-json\/wp\/v2\/posts\/454","targetHints":{"allow":["GET"]}}],"collection":[{"href":"https:\/\/lmt-consultores.com\/en\/wp-json\/wp\/v2\/posts"}],"about":[{"href":"https:\/\/lmt-consultores.com\/en\/wp-json\/wp\/v2\/types\/post"}],"author":[{"embeddable":true,"href":"https:\/\/lmt-consultores.com\/en\/wp-json\/wp\/v2\/users\/1"}],"replies":[{"embeddable":true,"href":"https:\/\/lmt-consultores.com\/en\/wp-json\/wp\/v2\/comments?post=454"}],"version-history":[{"count":1,"href":"https:\/\/lmt-consultores.com\/en\/wp-json\/wp\/v2\/posts\/454\/revisions"}],"predecessor-version":[{"id":457,"href":"https:\/\/lmt-consultores.com\/en\/wp-json\/wp\/v2\/posts\/454\/revisions\/457"}],"wp:featuredmedia":[{"embeddable":true,"href":"https:\/\/lmt-consultores.com\/en\/wp-json\/wp\/v2\/media\/455"}],"wp:attachment":[{"href":"https:\/\/lmt-consultores.com\/en\/wp-json\/wp\/v2\/media?parent=454"}],"wp:term":[{"taxonomy":"category","embeddable":true,"href":"https:\/\/lmt-consultores.com\/en\/wp-json\/wp\/v2\/categories?post=454"},{"taxonomy":"post_tag","embeddable":true,"href":"https:\/\/lmt-consultores.com\/en\/wp-json\/wp\/v2\/tags?post=454"}],"curies":[{"name":"wp","href":"https:\/\/api.w.org\/{rel}","templated":true}]}}