{"id":287,"date":"2014-07-24T11:13:25","date_gmt":"2014-07-24T14:13:25","guid":{"rendered":"https:\/\/i2w.com.br\/lmtconsultores\/?p=287"},"modified":"2023-10-02T11:13:38","modified_gmt":"2023-10-02T14:13:38","slug":"lourenco-correia-de-matos-eleito-academico-correspondente-da-academia-portuguesa-da-historia","status":"publish","type":"post","link":"https:\/\/lmt-consultores.com\/en\/lourenco-correia-de-matos-eleito-academico-correspondente-da-academia-portuguesa-da-historia\/","title":{"rendered":"Louren\u00e7o Correia de Matos eleito acad\u00e9mico correspondente da Academia Portuguesa da Hist\u00f3ria"},"content":{"rendered":"<p>Na reuni\u00e3o do Conselho de Acad\u00e9micos da Academia Portuguesa da Hist\u00f3ria do passado dia 21, Louren\u00e7o Correia de Matos, s\u00f3cio da\u00a0<strong>LMT Abreu Loureiro, Correia de Matos e Galv\u00e3o Teles<\/strong>, foi eleito acad\u00e9mico correspondente desta prestigiada institui\u00e7\u00e3o oficial, dependente da Secretaria de Estado da Cultura e\u00a0a que preside actualmente Manuela Mendon\u00e7a, professora da Faculdade de Letras da Universidade de Lisboa.<\/p>\n<p>Restaurada em 1936, a Academia Portuguesa da Hist\u00f3ria \u00e9 herdeira da Academia Real da Hist\u00f3ria Portuguesa, criada pelo rei D. Jo\u00e3o V em 1720. Conta com 30 acad\u00e9micos de n\u00famero e 80 correspondentes de nacionalidade portuguesa, incluindo-se tamb\u00e9m entre estes \u00faltimos Jo\u00e3o Bernardo Galv\u00e3o Teles, igualmente s\u00f3cio da LMT Abreu Loureiro, Correia de Matos e Galv\u00e3o Teles.<\/p>","protected":false},"excerpt":{"rendered":"<p>Na reuni\u00e3o do Conselho de Acad\u00e9micos da Academia Portuguesa da Hist\u00f3ria do passado dia 21, Louren\u00e7o Correia de Matos, s\u00f3cio da\u00a0LMT Abreu Loureiro, Correia de Matos e Galv\u00e3o Teles, foi eleito acad\u00e9mico correspondente desta prestigiada institui\u00e7\u00e3o oficial, dependente da Secretaria de Estado da Cultura e\u00a0a que preside actualmente Manuela Mendon\u00e7a, professora da Faculdade de Letras [&hellip;]<\/p>","protected":false},"author":1,"featured_media":288,"comment_status":"open","ping_status":"open","sticky":false,"template":"","format":"standard","meta":{"footnotes":""},"categories":[1],"tags":[],"class_list":["post-287","post","type-post","status-publish","format-standard","has-post-thumbnail","hentry","category-uncategorized"],"acf":[],"yoast_head":"<!-- This site is optimized with the Yoast SEO plugin v21.6 - https:\/\/yoast.com\/wordpress\/plugins\/seo\/ -->\n<title>Louren\u00e7o Correia de Matos eleito acad\u00e9mico correspondente da Academia Portuguesa da Hist\u00f3ria - LMT Consultores<\/title>\n<meta name=\"robots\" content=\"index, follow, max-snippet:-1, max-image-preview:large, max-video-preview:-1\" \/>\n<link rel=\"canonical\" href=\"https:\/\/lmt-consultores.com\/en\/lourenco-correia-de-matos-eleito-academico-correspondente-da-academia-portuguesa-da-historia\/\" \/>\n<meta property=\"og:locale\" content=\"en_US\" \/>\n<meta property=\"og:type\" content=\"article\" \/>\n<meta property=\"og:title\" content=\"Louren\u00e7o Correia de Matos eleito acad\u00e9mico correspondente da Academia Portuguesa da Hist\u00f3ria - LMT Consultores\" \/>\n<meta property=\"og:description\" content=\"Na reuni\u00e3o do Conselho de Acad\u00e9micos da Academia Portuguesa da Hist\u00f3ria do passado dia 21, Louren\u00e7o Correia de Matos, s\u00f3cio da\u00a0LMT Abreu Loureiro, Correia de Matos e Galv\u00e3o Teles, foi eleito acad\u00e9mico correspondente desta prestigiada institui\u00e7\u00e3o oficial, dependente da Secretaria de Estado da Cultura e\u00a0a que preside actualmente Manuela Mendon\u00e7a, professora da Faculdade de Letras [&hellip;]\" \/>\n<meta property=\"og:url\" content=\"https:\/\/lmt-consultores.com\/en\/lourenco-correia-de-matos-eleito-academico-correspondente-da-academia-portuguesa-da-historia\/\" \/>\n<meta property=\"og:site_name\" content=\"LMT Consultores\" \/>\n<meta property=\"article:published_time\" content=\"2014-07-24T14:13:25+00:00\" \/>\n<meta property=\"article:modified_time\" content=\"2023-10-02T14:13:38+00:00\" \/>\n<meta property=\"og:image\" content=\"https:\/\/lmt-consultores.com\/wp-content\/uploads\/2023\/10\/DSC6202.jpg\" \/>\n\t<meta property=\"og:image:width\" content=\"342\" \/>\n\t<meta property=\"og:image:height\" content=\"181\" \/>\n\t<meta property=\"og:image:type\" content=\"image\/jpeg\" \/>\n<meta name=\"author\" content=\"lais.i2w\" \/>\n<meta name=\"twitter:card\" content=\"summary_large_image\" \/>\n<meta name=\"twitter:label1\" content=\"Written by\" \/>\n\t<meta name=\"twitter:data1\" content=\"lais.i2w\" \/>\n\t<meta name=\"twitter:label2\" content=\"Est. reading time\" \/>\n\t<meta name=\"twitter:data2\" content=\"1 minute\" \/>\n<script type=\"application\/ld+json\" class=\"yoast-schema-graph\">{\"@context\":\"https:\/\/schema.org\",\"@graph\":[{\"@type\":\"WebPage\",\"@id\":\"https:\/\/lmt-consultores.com\/lourenco-correia-de-matos-eleito-academico-correspondente-da-academia-portuguesa-da-historia\/\",\"url\":\"https:\/\/lmt-consultores.com\/lourenco-correia-de-matos-eleito-academico-correspondente-da-academia-portuguesa-da-historia\/\",\"name\":\"Louren\u00e7o Correia de Matos eleito acad\u00e9mico correspondente da Academia Portuguesa da Hist\u00f3ria - LMT Consultores\",\"isPartOf\":{\"@id\":\"https:\/\/lmt-consultores.com\/#website\"},\"datePublished\":\"2014-07-24T14:13:25+00:00\",\"dateModified\":\"2023-10-02T14:13:38+00:00\",\"author\":{\"@id\":\"https:\/\/lmt-consultores.com\/#\/schema\/person\/fb0e3f2ad5669a436af9dd81df4c07bf\"},\"breadcrumb\":{\"@id\":\"https:\/\/lmt-consultores.com\/lourenco-correia-de-matos-eleito-academico-correspondente-da-academia-portuguesa-da-historia\/#breadcrumb\"},\"inLanguage\":\"en-US\",\"potentialAction\":[{\"@type\":\"ReadAction\",\"target\":[\"https:\/\/lmt-consultores.com\/lourenco-correia-de-matos-eleito-academico-correspondente-da-academia-portuguesa-da-historia\/\"]}]},{\"@type\":\"BreadcrumbList\",\"@id\":\"https:\/\/lmt-consultores.com\/lourenco-correia-de-matos-eleito-academico-correspondente-da-academia-portuguesa-da-historia\/#breadcrumb\",\"itemListElement\":[{\"@type\":\"ListItem\",\"position\":1,\"name\":\"Home\",\"item\":\"https:\/\/lmt-consultores.com\/\"},{\"@type\":\"ListItem\",\"position\":2,\"name\":\"Louren\u00e7o Correia de Matos eleito acad\u00e9mico correspondente da Academia Portuguesa da Hist\u00f3ria\"}]},{\"@type\":\"WebSite\",\"@id\":\"https:\/\/lmt-consultores.com\/#website\",\"url\":\"https:\/\/lmt-consultores.com\/\",\"name\":\"LMT Consultores\",\"description\":\"\",\"potentialAction\":[{\"@type\":\"SearchAction\",\"target\":{\"@type\":\"EntryPoint\",\"urlTemplate\":\"https:\/\/lmt-consultores.com\/?s={search_term_string}\"},\"query-input\":\"required name=search_term_string\"}],\"inLanguage\":\"en-US\"},{\"@type\":\"Person\",\"@id\":\"https:\/\/lmt-consultores.com\/#\/schema\/person\/fb0e3f2ad5669a436af9dd81df4c07bf\",\"name\":\"lais.i2w\",\"image\":{\"@type\":\"ImageObject\",\"inLanguage\":\"en-US\",\"@id\":\"https:\/\/lmt-consultores.com\/#\/schema\/person\/image\/\",\"url\":\"https:\/\/secure.gravatar.com\/avatar\/8b4b354cc1ccfe19b49459dc20c468eb0301f1084655a988e1c380a76b769d09?s=96&d=mm&r=g\",\"contentUrl\":\"https:\/\/secure.gravatar.com\/avatar\/8b4b354cc1ccfe19b49459dc20c468eb0301f1084655a988e1c380a76b769d09?s=96&d=mm&r=g\",\"caption\":\"lais.i2w\"},\"sameAs\":[\"https:\/\/lmt-consultores.com\"],\"url\":\"https:\/\/lmt-consultores.com\/en\/author\/lais-i2w\/\"}]}<\/script>\n<!-- \/ Yoast SEO plugin. -->","yoast_head_json":{"title":"Louren\u00e7o Correia de Matos eleito acad\u00e9mico correspondente da Academia Portuguesa da Hist\u00f3ria - LMT Consultores","robots":{"index":"index","follow":"follow","max-snippet":"max-snippet:-1","max-image-preview":"max-image-preview:large","max-video-preview":"max-video-preview:-1"},"canonical":"https:\/\/lmt-consultores.com\/en\/lourenco-correia-de-matos-eleito-academico-correspondente-da-academia-portuguesa-da-historia\/","og_locale":"en_US","og_type":"article","og_title":"Louren\u00e7o Correia de Matos eleito acad\u00e9mico correspondente da Academia Portuguesa da Hist\u00f3ria - LMT Consultores","og_description":"Na reuni\u00e3o do Conselho de Acad\u00e9micos da Academia Portuguesa da Hist\u00f3ria do passado dia 21, Louren\u00e7o Correia de Matos, s\u00f3cio da\u00a0LMT Abreu Loureiro, Correia de Matos e Galv\u00e3o Teles, foi eleito acad\u00e9mico correspondente desta prestigiada institui\u00e7\u00e3o oficial, dependente da Secretaria de Estado da Cultura e\u00a0a que preside actualmente Manuela Mendon\u00e7a, professora da Faculdade de Letras [&hellip;]","og_url":"https:\/\/lmt-consultores.com\/en\/lourenco-correia-de-matos-eleito-academico-correspondente-da-academia-portuguesa-da-historia\/","og_site_name":"LMT Consultores","article_published_time":"2014-07-24T14:13:25+00:00","article_modified_time":"2023-10-02T14:13:38+00:00","og_image":[{"width":342,"height":181,"url":"https:\/\/lmt-consultores.com\/wp-content\/uploads\/2023\/10\/DSC6202.jpg","type":"image\/jpeg"}],"author":"lais.i2w","twitter_card":"summary_large_image","twitter_misc":{"Written by":"lais.i2w","Est. reading time":"1 minute"},"schema":{"@context":"https:\/\/schema.org","@graph":[{"@type":"WebPage","@id":"https:\/\/lmt-consultores.com\/lourenco-correia-de-matos-eleito-academico-correspondente-da-academia-portuguesa-da-historia\/","url":"https:\/\/lmt-consultores.com\/lourenco-correia-de-matos-eleito-academico-correspondente-da-academia-portuguesa-da-historia\/","name":"Louren\u00e7o Correia de Matos eleito acad\u00e9mico correspondente da Academia Portuguesa da Hist\u00f3ria - LMT Consultores","isPartOf":{"@id":"https:\/\/lmt-consultores.com\/#website"},"datePublished":"2014-07-24T14:13:25+00:00","dateModified":"2023-10-02T14:13:38+00:00","author":{"@id":"https:\/\/lmt-consultores.com\/#\/schema\/person\/fb0e3f2ad5669a436af9dd81df4c07bf"},"breadcrumb":{"@id":"https:\/\/lmt-consultores.com\/lourenco-correia-de-matos-eleito-academico-correspondente-da-academia-portuguesa-da-historia\/#breadcrumb"},"inLanguage":"en-US","potentialAction":[{"@type":"ReadAction","target":["https:\/\/lmt-consultores.com\/lourenco-correia-de-matos-eleito-academico-correspondente-da-academia-portuguesa-da-historia\/"]}]},{"@type":"BreadcrumbList","@id":"https:\/\/lmt-consultores.com\/lourenco-correia-de-matos-eleito-academico-correspondente-da-academia-portuguesa-da-historia\/#breadcrumb","itemListElement":[{"@type":"ListItem","position":1,"name":"Home","item":"https:\/\/lmt-consultores.com\/"},{"@type":"ListItem","position":2,"name":"Louren\u00e7o Correia de Matos eleito acad\u00e9mico correspondente da Academia Portuguesa da Hist\u00f3ria"}]},{"@type":"WebSite","@id":"https:\/\/lmt-consultores.com\/#website","url":"https:\/\/lmt-consultores.com\/","name":"LMT Consultores","description":"","potentialAction":[{"@type":"SearchAction","target":{"@type":"EntryPoint","urlTemplate":"https:\/\/lmt-consultores.com\/?s={search_term_string}"},"query-input":"required name=search_term_string"}],"inLanguage":"en-US"},{"@type":"Person","@id":"https:\/\/lmt-consultores.com\/#\/schema\/person\/fb0e3f2ad5669a436af9dd81df4c07bf","name":"lais.i2w","image":{"@type":"ImageObject","inLanguage":"en-US","@id":"https:\/\/lmt-consultores.com\/#\/schema\/person\/image\/","url":"https:\/\/secure.gravatar.com\/avatar\/8b4b354cc1ccfe19b49459dc20c468eb0301f1084655a988e1c380a76b769d09?s=96&d=mm&r=g","contentUrl":"https:\/\/secure.gravatar.com\/avatar\/8b4b354cc1ccfe19b49459dc20c468eb0301f1084655a988e1c380a76b769d09?s=96&d=mm&r=g","caption":"lais.i2w"},"sameAs":["https:\/\/lmt-consultores.com"],"url":"https:\/\/lmt-consultores.com\/en\/author\/lais-i2w\/"}]}},"_links":{"self":[{"href":"https:\/\/lmt-consultores.com\/en\/wp-json\/wp\/v2\/posts\/287","targetHints":{"allow":["GET"]}}],"collection":[{"href":"https:\/\/lmt-consultores.com\/en\/wp-json\/wp\/v2\/posts"}],"about":[{"href":"https:\/\/lmt-consultores.com\/en\/wp-json\/wp\/v2\/types\/post"}],"author":[{"embeddable":true,"href":"https:\/\/lmt-consultores.com\/en\/wp-json\/wp\/v2\/users\/1"}],"replies":[{"embeddable":true,"href":"https:\/\/lmt-consultores.com\/en\/wp-json\/wp\/v2\/comments?post=287"}],"version-history":[{"count":1,"href":"https:\/\/lmt-consultores.com\/en\/wp-json\/wp\/v2\/posts\/287\/revisions"}],"predecessor-version":[{"id":289,"href":"https:\/\/lmt-consultores.com\/en\/wp-json\/wp\/v2\/posts\/287\/revisions\/289"}],"wp:featuredmedia":[{"embeddable":true,"href":"https:\/\/lmt-consultores.com\/en\/wp-json\/wp\/v2\/media\/288"}],"wp:attachment":[{"href":"https:\/\/lmt-consultores.com\/en\/wp-json\/wp\/v2\/media?parent=287"}],"wp:term":[{"taxonomy":"category","embeddable":true,"href":"https:\/\/lmt-consultores.com\/en\/wp-json\/wp\/v2\/categories?post=287"},{"taxonomy":"post_tag","embeddable":true,"href":"https:\/\/lmt-consultores.com\/en\/wp-json\/wp\/v2\/tags?post=287"}],"curies":[{"name":"wp","href":"https:\/\/api.w.org\/{rel}","templated":true}]}}