{"id":271,"date":"2014-04-17T11:10:06","date_gmt":"2014-04-17T14:10:06","guid":{"rendered":"https:\/\/i2w.com.br\/lmtconsultores\/?p=271"},"modified":"2023-10-02T11:10:16","modified_gmt":"2023-10-02T14:10:16","slug":"joao-bernardo-galvao-teles-e-lourenco-correia-de-matos-colaboram-em-novo-numero-na-revista-armas-e-trofeus","status":"publish","type":"post","link":"https:\/\/lmt-consultores.com\/en\/joao-bernardo-galvao-teles-e-lourenco-correia-de-matos-colaboram-em-novo-numero-na-revista-armas-e-trofeus\/","title":{"rendered":"Jo\u00e3o Bernardo Galv\u00e3o Teles e Louren\u00e7o Correia de Matos colaboram em novo n\u00famero na revista Armas e Trof\u00e9us"},"content":{"rendered":"<p>Foi apresentado na \u00faltima reuni\u00e3o acad\u00e9mica mensal do Instituto Portugu\u00eas de Her\u00e1ldica o mais recente n\u00famero da revista\u00a0<em>Armas e Trof\u00e9us<\/em>, publica\u00e7\u00e3o iniciada em 1932 e que no presente volume, relativo ao ano de 2013, homenageia o anterior chanceler daquele Instituto, Jos\u00e9 B\u00e9nard Guedes, falecido em Setembro de 2012.<\/p>\n<p>O exemplar agora editado conta com a colabora\u00e7\u00e3o de Jo\u00e3o Bernardo Galv\u00e3o Teles e de Louren\u00e7o Correia de Matos, s\u00f3cios da\u00a0<strong>LMT Abreu Loureiro, Correia de Matos e Galv\u00e3o Teles<\/strong>, assinando o primeiro o artigo &#8220;As armas da Santa Casa da Miseric\u00f3rdia de Alenquer: devo\u00e7\u00e3o e milagre numa composi\u00e7\u00e3o her\u00e1ldica de mestre B\u00e9nard Guedes&#8221;, e o segundo os textos &#8220;Jos\u00e9 B\u00e9nard Guedes Salgado (1931-2012) \u2013 Notas bio-bibliogr\u00e1ficas&#8221; e &#8220;Subs\u00eddios para a descend\u00eancia do desembargador Rui Dias de Castro \u2013 Um aditamento aos nobili\u00e1rios&#8221; (este em co-autoria com Jos\u00e9 Ant\u00f3nio Reis).<\/p>","protected":false},"excerpt":{"rendered":"<p>Foi apresentado na \u00faltima reuni\u00e3o acad\u00e9mica mensal do Instituto Portugu\u00eas de Her\u00e1ldica o mais recente n\u00famero da revista\u00a0Armas e Trof\u00e9us, publica\u00e7\u00e3o iniciada em 1932 e que no presente volume, relativo ao ano de 2013, homenageia o anterior chanceler daquele Instituto, Jos\u00e9 B\u00e9nard Guedes, falecido em Setembro de 2012. O exemplar agora editado conta com a [&hellip;]<\/p>","protected":false},"author":1,"featured_media":272,"comment_status":"open","ping_status":"open","sticky":false,"template":"","format":"standard","meta":{"footnotes":""},"categories":[1],"tags":[],"class_list":["post-271","post","type-post","status-publish","format-standard","has-post-thumbnail","hentry","category-uncategorized"],"acf":[],"yoast_head":"<!-- This site is optimized with the Yoast SEO plugin v21.6 - https:\/\/yoast.com\/wordpress\/plugins\/seo\/ -->\n<title>Jo\u00e3o Bernardo Galv\u00e3o Teles e Louren\u00e7o Correia de Matos colaboram em novo n\u00famero na revista Armas e Trof\u00e9us - LMT Consultores<\/title>\n<meta name=\"robots\" content=\"index, follow, max-snippet:-1, max-image-preview:large, max-video-preview:-1\" \/>\n<link rel=\"canonical\" href=\"https:\/\/lmt-consultores.com\/en\/joao-bernardo-galvao-teles-e-lourenco-correia-de-matos-colaboram-em-novo-numero-na-revista-armas-e-trofeus\/\" \/>\n<meta property=\"og:locale\" content=\"en_US\" \/>\n<meta property=\"og:type\" content=\"article\" \/>\n<meta property=\"og:title\" content=\"Jo\u00e3o Bernardo Galv\u00e3o Teles e Louren\u00e7o Correia de Matos colaboram em novo n\u00famero na revista Armas e Trof\u00e9us - LMT Consultores\" \/>\n<meta property=\"og:description\" content=\"Foi apresentado na \u00faltima reuni\u00e3o acad\u00e9mica mensal do Instituto Portugu\u00eas de Her\u00e1ldica o mais recente n\u00famero da revista\u00a0Armas e Trof\u00e9us, publica\u00e7\u00e3o iniciada em 1932 e que no presente volume, relativo ao ano de 2013, homenageia o anterior chanceler daquele Instituto, Jos\u00e9 B\u00e9nard Guedes, falecido em Setembro de 2012. O exemplar agora editado conta com a [&hellip;]\" \/>\n<meta property=\"og:url\" content=\"https:\/\/lmt-consultores.com\/en\/joao-bernardo-galvao-teles-e-lourenco-correia-de-matos-colaboram-em-novo-numero-na-revista-armas-e-trofeus\/\" \/>\n<meta property=\"og:site_name\" content=\"LMT Consultores\" \/>\n<meta property=\"article:published_time\" content=\"2014-04-17T14:10:06+00:00\" \/>\n<meta property=\"article:modified_time\" content=\"2023-10-02T14:10:16+00:00\" \/>\n<meta property=\"og:image\" content=\"https:\/\/lmt-consultores.com\/wp-content\/uploads\/2023\/10\/Armas_Misericordia_Alenquer.jpg\" \/>\n\t<meta property=\"og:image:width\" content=\"342\" \/>\n\t<meta property=\"og:image:height\" content=\"181\" \/>\n\t<meta property=\"og:image:type\" content=\"image\/jpeg\" \/>\n<meta name=\"author\" content=\"lais.i2w\" \/>\n<meta name=\"twitter:card\" content=\"summary_large_image\" \/>\n<meta name=\"twitter:label1\" content=\"Written by\" \/>\n\t<meta name=\"twitter:data1\" content=\"lais.i2w\" \/>\n\t<meta name=\"twitter:label2\" content=\"Est. reading time\" \/>\n\t<meta name=\"twitter:data2\" content=\"1 minute\" \/>\n<script type=\"application\/ld+json\" class=\"yoast-schema-graph\">{\"@context\":\"https:\/\/schema.org\",\"@graph\":[{\"@type\":\"WebPage\",\"@id\":\"https:\/\/lmt-consultores.com\/joao-bernardo-galvao-teles-e-lourenco-correia-de-matos-colaboram-em-novo-numero-na-revista-armas-e-trofeus\/\",\"url\":\"https:\/\/lmt-consultores.com\/joao-bernardo-galvao-teles-e-lourenco-correia-de-matos-colaboram-em-novo-numero-na-revista-armas-e-trofeus\/\",\"name\":\"Jo\u00e3o Bernardo Galv\u00e3o Teles e Louren\u00e7o Correia de Matos colaboram em novo n\u00famero na revista Armas e Trof\u00e9us - LMT Consultores\",\"isPartOf\":{\"@id\":\"https:\/\/lmt-consultores.com\/#website\"},\"datePublished\":\"2014-04-17T14:10:06+00:00\",\"dateModified\":\"2023-10-02T14:10:16+00:00\",\"author\":{\"@id\":\"https:\/\/lmt-consultores.com\/#\/schema\/person\/fb0e3f2ad5669a436af9dd81df4c07bf\"},\"breadcrumb\":{\"@id\":\"https:\/\/lmt-consultores.com\/joao-bernardo-galvao-teles-e-lourenco-correia-de-matos-colaboram-em-novo-numero-na-revista-armas-e-trofeus\/#breadcrumb\"},\"inLanguage\":\"en-US\",\"potentialAction\":[{\"@type\":\"ReadAction\",\"target\":[\"https:\/\/lmt-consultores.com\/joao-bernardo-galvao-teles-e-lourenco-correia-de-matos-colaboram-em-novo-numero-na-revista-armas-e-trofeus\/\"]}]},{\"@type\":\"BreadcrumbList\",\"@id\":\"https:\/\/lmt-consultores.com\/joao-bernardo-galvao-teles-e-lourenco-correia-de-matos-colaboram-em-novo-numero-na-revista-armas-e-trofeus\/#breadcrumb\",\"itemListElement\":[{\"@type\":\"ListItem\",\"position\":1,\"name\":\"Home\",\"item\":\"https:\/\/lmt-consultores.com\/\"},{\"@type\":\"ListItem\",\"position\":2,\"name\":\"Jo\u00e3o Bernardo Galv\u00e3o Teles e Louren\u00e7o Correia de Matos colaboram em novo n\u00famero na revista Armas e Trof\u00e9us\"}]},{\"@type\":\"WebSite\",\"@id\":\"https:\/\/lmt-consultores.com\/#website\",\"url\":\"https:\/\/lmt-consultores.com\/\",\"name\":\"LMT Consultores\",\"description\":\"\",\"potentialAction\":[{\"@type\":\"SearchAction\",\"target\":{\"@type\":\"EntryPoint\",\"urlTemplate\":\"https:\/\/lmt-consultores.com\/?s={search_term_string}\"},\"query-input\":\"required name=search_term_string\"}],\"inLanguage\":\"en-US\"},{\"@type\":\"Person\",\"@id\":\"https:\/\/lmt-consultores.com\/#\/schema\/person\/fb0e3f2ad5669a436af9dd81df4c07bf\",\"name\":\"lais.i2w\",\"image\":{\"@type\":\"ImageObject\",\"inLanguage\":\"en-US\",\"@id\":\"https:\/\/lmt-consultores.com\/#\/schema\/person\/image\/\",\"url\":\"https:\/\/secure.gravatar.com\/avatar\/8b4b354cc1ccfe19b49459dc20c468eb0301f1084655a988e1c380a76b769d09?s=96&d=mm&r=g\",\"contentUrl\":\"https:\/\/secure.gravatar.com\/avatar\/8b4b354cc1ccfe19b49459dc20c468eb0301f1084655a988e1c380a76b769d09?s=96&d=mm&r=g\",\"caption\":\"lais.i2w\"},\"sameAs\":[\"https:\/\/lmt-consultores.com\"],\"url\":\"https:\/\/lmt-consultores.com\/en\/author\/lais-i2w\/\"}]}<\/script>\n<!-- \/ Yoast SEO plugin. -->","yoast_head_json":{"title":"Jo\u00e3o Bernardo Galv\u00e3o Teles e Louren\u00e7o Correia de Matos colaboram em novo n\u00famero na revista Armas e Trof\u00e9us - LMT Consultores","robots":{"index":"index","follow":"follow","max-snippet":"max-snippet:-1","max-image-preview":"max-image-preview:large","max-video-preview":"max-video-preview:-1"},"canonical":"https:\/\/lmt-consultores.com\/en\/joao-bernardo-galvao-teles-e-lourenco-correia-de-matos-colaboram-em-novo-numero-na-revista-armas-e-trofeus\/","og_locale":"en_US","og_type":"article","og_title":"Jo\u00e3o Bernardo Galv\u00e3o Teles e Louren\u00e7o Correia de Matos colaboram em novo n\u00famero na revista Armas e Trof\u00e9us - LMT Consultores","og_description":"Foi apresentado na \u00faltima reuni\u00e3o acad\u00e9mica mensal do Instituto Portugu\u00eas de Her\u00e1ldica o mais recente n\u00famero da revista\u00a0Armas e Trof\u00e9us, publica\u00e7\u00e3o iniciada em 1932 e que no presente volume, relativo ao ano de 2013, homenageia o anterior chanceler daquele Instituto, Jos\u00e9 B\u00e9nard Guedes, falecido em Setembro de 2012. O exemplar agora editado conta com a [&hellip;]","og_url":"https:\/\/lmt-consultores.com\/en\/joao-bernardo-galvao-teles-e-lourenco-correia-de-matos-colaboram-em-novo-numero-na-revista-armas-e-trofeus\/","og_site_name":"LMT Consultores","article_published_time":"2014-04-17T14:10:06+00:00","article_modified_time":"2023-10-02T14:10:16+00:00","og_image":[{"width":342,"height":181,"url":"https:\/\/lmt-consultores.com\/wp-content\/uploads\/2023\/10\/Armas_Misericordia_Alenquer.jpg","type":"image\/jpeg"}],"author":"lais.i2w","twitter_card":"summary_large_image","twitter_misc":{"Written by":"lais.i2w","Est. reading time":"1 minute"},"schema":{"@context":"https:\/\/schema.org","@graph":[{"@type":"WebPage","@id":"https:\/\/lmt-consultores.com\/joao-bernardo-galvao-teles-e-lourenco-correia-de-matos-colaboram-em-novo-numero-na-revista-armas-e-trofeus\/","url":"https:\/\/lmt-consultores.com\/joao-bernardo-galvao-teles-e-lourenco-correia-de-matos-colaboram-em-novo-numero-na-revista-armas-e-trofeus\/","name":"Jo\u00e3o Bernardo Galv\u00e3o Teles e Louren\u00e7o Correia de Matos colaboram em novo n\u00famero na revista Armas e Trof\u00e9us - LMT Consultores","isPartOf":{"@id":"https:\/\/lmt-consultores.com\/#website"},"datePublished":"2014-04-17T14:10:06+00:00","dateModified":"2023-10-02T14:10:16+00:00","author":{"@id":"https:\/\/lmt-consultores.com\/#\/schema\/person\/fb0e3f2ad5669a436af9dd81df4c07bf"},"breadcrumb":{"@id":"https:\/\/lmt-consultores.com\/joao-bernardo-galvao-teles-e-lourenco-correia-de-matos-colaboram-em-novo-numero-na-revista-armas-e-trofeus\/#breadcrumb"},"inLanguage":"en-US","potentialAction":[{"@type":"ReadAction","target":["https:\/\/lmt-consultores.com\/joao-bernardo-galvao-teles-e-lourenco-correia-de-matos-colaboram-em-novo-numero-na-revista-armas-e-trofeus\/"]}]},{"@type":"BreadcrumbList","@id":"https:\/\/lmt-consultores.com\/joao-bernardo-galvao-teles-e-lourenco-correia-de-matos-colaboram-em-novo-numero-na-revista-armas-e-trofeus\/#breadcrumb","itemListElement":[{"@type":"ListItem","position":1,"name":"Home","item":"https:\/\/lmt-consultores.com\/"},{"@type":"ListItem","position":2,"name":"Jo\u00e3o Bernardo Galv\u00e3o Teles e Louren\u00e7o Correia de Matos colaboram em novo n\u00famero na revista Armas e Trof\u00e9us"}]},{"@type":"WebSite","@id":"https:\/\/lmt-consultores.com\/#website","url":"https:\/\/lmt-consultores.com\/","name":"LMT Consultores","description":"","potentialAction":[{"@type":"SearchAction","target":{"@type":"EntryPoint","urlTemplate":"https:\/\/lmt-consultores.com\/?s={search_term_string}"},"query-input":"required name=search_term_string"}],"inLanguage":"en-US"},{"@type":"Person","@id":"https:\/\/lmt-consultores.com\/#\/schema\/person\/fb0e3f2ad5669a436af9dd81df4c07bf","name":"lais.i2w","image":{"@type":"ImageObject","inLanguage":"en-US","@id":"https:\/\/lmt-consultores.com\/#\/schema\/person\/image\/","url":"https:\/\/secure.gravatar.com\/avatar\/8b4b354cc1ccfe19b49459dc20c468eb0301f1084655a988e1c380a76b769d09?s=96&d=mm&r=g","contentUrl":"https:\/\/secure.gravatar.com\/avatar\/8b4b354cc1ccfe19b49459dc20c468eb0301f1084655a988e1c380a76b769d09?s=96&d=mm&r=g","caption":"lais.i2w"},"sameAs":["https:\/\/lmt-consultores.com"],"url":"https:\/\/lmt-consultores.com\/en\/author\/lais-i2w\/"}]}},"_links":{"self":[{"href":"https:\/\/lmt-consultores.com\/en\/wp-json\/wp\/v2\/posts\/271","targetHints":{"allow":["GET"]}}],"collection":[{"href":"https:\/\/lmt-consultores.com\/en\/wp-json\/wp\/v2\/posts"}],"about":[{"href":"https:\/\/lmt-consultores.com\/en\/wp-json\/wp\/v2\/types\/post"}],"author":[{"embeddable":true,"href":"https:\/\/lmt-consultores.com\/en\/wp-json\/wp\/v2\/users\/1"}],"replies":[{"embeddable":true,"href":"https:\/\/lmt-consultores.com\/en\/wp-json\/wp\/v2\/comments?post=271"}],"version-history":[{"count":1,"href":"https:\/\/lmt-consultores.com\/en\/wp-json\/wp\/v2\/posts\/271\/revisions"}],"predecessor-version":[{"id":273,"href":"https:\/\/lmt-consultores.com\/en\/wp-json\/wp\/v2\/posts\/271\/revisions\/273"}],"wp:featuredmedia":[{"embeddable":true,"href":"https:\/\/lmt-consultores.com\/en\/wp-json\/wp\/v2\/media\/272"}],"wp:attachment":[{"href":"https:\/\/lmt-consultores.com\/en\/wp-json\/wp\/v2\/media?parent=271"}],"wp:term":[{"taxonomy":"category","embeddable":true,"href":"https:\/\/lmt-consultores.com\/en\/wp-json\/wp\/v2\/categories?post=271"},{"taxonomy":"post_tag","embeddable":true,"href":"https:\/\/lmt-consultores.com\/en\/wp-json\/wp\/v2\/tags?post=271"}],"curies":[{"name":"wp","href":"https:\/\/api.w.org\/{rel}","templated":true}]}}