{"id":190,"date":"2012-02-22T10:50:46","date_gmt":"2012-02-22T12:50:46","guid":{"rendered":"https:\/\/i2w.com.br\/lmtconsultores\/?p=190"},"modified":"2023-10-02T10:51:02","modified_gmt":"2023-10-02T13:51:02","slug":"aspectos-da-vida-familiar-na-estrategia-de-ascensao-social-e-politica-do-1-o-marques-de-pombal","status":"publish","type":"post","link":"https:\/\/lmt-consultores.com\/en\/aspectos-da-vida-familiar-na-estrategia-de-ascensao-social-e-politica-do-1-o-marques-de-pombal\/","title":{"rendered":"Aspectos da vida familiar na estrat\u00e9gia de ascens\u00e3o social e pol\u00edtica do 1.\u00ba marqu\u00eas de Pombal"},"content":{"rendered":"<p>Jo\u00e3o Bernardo Galv\u00e3o Teles, s\u00f3cio da\u00a0<strong>LMT Abreu Loureiro, Correia de Matos e Galv\u00e3o Teles<\/strong>, fez hoje a sua primeira confer\u00eancia na Academia Portuguesa da Hist\u00f3ria, depois de ter sido eleito acad\u00e9mico-correspondente em Julho de 2010.\u00a0<em>Aspectos da vida familiar na estrat\u00e9gia de ascens\u00e3o social e pol\u00edtica do 1.\u00ba marqu\u00eas de Pombal<\/em>\u00a0foi o tema tratado.<\/p>\n<p>Compreender at\u00e9 que ponto fizeram parte dessa estrat\u00e9gia algumas circunst\u00e2ncias familiares do estadista, avaliar a influ\u00eancia que tiveram os seus casamentos, perceber quem foram os padrinhos das crian\u00e7as que lhe nasceram e a que fam\u00edlias pertenciam as noras e os genros do titular bem como o contexto em que se realizaram os respectivos matrim\u00f3nios, foram algumas das quest\u00f5es \u00e0s quais o s\u00f3cio da LMT procurou dar resposta.<\/p>\n<p>No final, e \u00e0 laia de conclus\u00e3o, foi evidenciado que o estadista soube sempre conduzir os destinos familiares numa complexa inter-rela\u00e7\u00e3o com os objectivos sociais e pol\u00edticos que visava alcan\u00e7ar. Se os la\u00e7os de parentesco de que gozava e que foi criando ao longo da vida lhe abriram importantes portas em momentos determinantes da sua vida, \u00e9 tamb\u00e9m verdade que as fidelidades pol\u00edticas e as redes clientelares que construiu lhe promoveram e protegeram a fam\u00edlia. A ponto de esta n\u00e3o ter experimentado excessivos dissabores com a Viradeira pol\u00edtica do reinado de D. Maria I. Pelo contr\u00e1rio, alguns dos filhos e genros de Carvalho e Melo foram personagens que alcan\u00e7aram importante valimento na corte da\u00a0<em>Piedosa<\/em>\u00a0rainha. Afinal de contas, ainda se vivia num tempo em que vida privada e vida p\u00fablica se separavam por uma t\u00e9nue fronteira. Mais do que n\u00e3o constituir uma excep\u00e7\u00e3o a esta regra, a hist\u00f3ria de Sebasti\u00e3o Jos\u00e9 talvez tenha sido um paradigma dessa sobreposi\u00e7\u00e3o de espa\u00e7os.<\/p>","protected":false},"excerpt":{"rendered":"<p>Jo\u00e3o Bernardo Galv\u00e3o Teles, s\u00f3cio da\u00a0LMT Abreu Loureiro, Correia de Matos e Galv\u00e3o Teles, fez hoje a sua primeira confer\u00eancia na Academia Portuguesa da Hist\u00f3ria, depois de ter sido eleito acad\u00e9mico-correspondente em Julho de 2010.\u00a0Aspectos da vida familiar na estrat\u00e9gia de ascens\u00e3o social e pol\u00edtica do 1.\u00ba marqu\u00eas de Pombal\u00a0foi o tema tratado. Compreender at\u00e9 [&hellip;]<\/p>","protected":false},"author":1,"featured_media":191,"comment_status":"open","ping_status":"open","sticky":false,"template":"","format":"standard","meta":{"footnotes":""},"categories":[1],"tags":[],"class_list":["post-190","post","type-post","status-publish","format-standard","has-post-thumbnail","hentry","category-uncategorized"],"acf":[],"yoast_head":"<!-- This site is optimized with the Yoast SEO plugin v21.6 - https:\/\/yoast.com\/wordpress\/plugins\/seo\/ -->\n<title>Aspectos da vida familiar na estrat\u00e9gia de ascens\u00e3o social e pol\u00edtica do 1.\u00ba marqu\u00eas de Pombal - LMT Consultores<\/title>\n<meta name=\"robots\" content=\"index, follow, max-snippet:-1, max-image-preview:large, max-video-preview:-1\" \/>\n<link rel=\"canonical\" href=\"https:\/\/lmt-consultores.com\/en\/aspectos-da-vida-familiar-na-estrategia-de-ascensao-social-e-politica-do-1-o-marques-de-pombal\/\" \/>\n<meta property=\"og:locale\" content=\"en_US\" \/>\n<meta property=\"og:type\" content=\"article\" \/>\n<meta property=\"og:title\" content=\"Aspectos da vida familiar na estrat\u00e9gia de ascens\u00e3o social e pol\u00edtica do 1.\u00ba marqu\u00eas de Pombal - LMT Consultores\" \/>\n<meta property=\"og:description\" content=\"Jo\u00e3o Bernardo Galv\u00e3o Teles, s\u00f3cio da\u00a0LMT Abreu Loureiro, Correia de Matos e Galv\u00e3o Teles, fez hoje a sua primeira confer\u00eancia na Academia Portuguesa da Hist\u00f3ria, depois de ter sido eleito acad\u00e9mico-correspondente em Julho de 2010.\u00a0Aspectos da vida familiar na estrat\u00e9gia de ascens\u00e3o social e pol\u00edtica do 1.\u00ba marqu\u00eas de Pombal\u00a0foi o tema tratado. Compreender at\u00e9 [&hellip;]\" \/>\n<meta property=\"og:url\" content=\"https:\/\/lmt-consultores.com\/en\/aspectos-da-vida-familiar-na-estrategia-de-ascensao-social-e-politica-do-1-o-marques-de-pombal\/\" \/>\n<meta property=\"og:site_name\" content=\"LMT Consultores\" \/>\n<meta property=\"article:published_time\" content=\"2012-02-22T12:50:46+00:00\" \/>\n<meta property=\"article:modified_time\" content=\"2023-10-02T13:51:02+00:00\" \/>\n<meta property=\"og:image\" content=\"https:\/\/lmt-consultores.com\/wp-content\/uploads\/2023\/10\/Aspectos_da_vida_familiar_na_estrategia_de_ascensao_social_e_politica_do_1._marques_de_Pombal.jpg\" \/>\n\t<meta property=\"og:image:width\" content=\"342\" \/>\n\t<meta property=\"og:image:height\" content=\"181\" \/>\n\t<meta property=\"og:image:type\" content=\"image\/jpeg\" \/>\n<meta name=\"author\" content=\"lais.i2w\" \/>\n<meta name=\"twitter:card\" content=\"summary_large_image\" \/>\n<meta name=\"twitter:label1\" content=\"Written by\" \/>\n\t<meta name=\"twitter:data1\" content=\"lais.i2w\" \/>\n\t<meta name=\"twitter:label2\" content=\"Est. reading time\" \/>\n\t<meta name=\"twitter:data2\" content=\"2 minutes\" \/>\n<script type=\"application\/ld+json\" class=\"yoast-schema-graph\">{\"@context\":\"https:\/\/schema.org\",\"@graph\":[{\"@type\":\"WebPage\",\"@id\":\"https:\/\/lmt-consultores.com\/aspectos-da-vida-familiar-na-estrategia-de-ascensao-social-e-politica-do-1-o-marques-de-pombal\/\",\"url\":\"https:\/\/lmt-consultores.com\/aspectos-da-vida-familiar-na-estrategia-de-ascensao-social-e-politica-do-1-o-marques-de-pombal\/\",\"name\":\"Aspectos da vida familiar na estrat\u00e9gia de ascens\u00e3o social e pol\u00edtica do 1.\u00ba marqu\u00eas de Pombal - LMT Consultores\",\"isPartOf\":{\"@id\":\"https:\/\/lmt-consultores.com\/#website\"},\"datePublished\":\"2012-02-22T12:50:46+00:00\",\"dateModified\":\"2023-10-02T13:51:02+00:00\",\"author\":{\"@id\":\"https:\/\/lmt-consultores.com\/#\/schema\/person\/fb0e3f2ad5669a436af9dd81df4c07bf\"},\"breadcrumb\":{\"@id\":\"https:\/\/lmt-consultores.com\/aspectos-da-vida-familiar-na-estrategia-de-ascensao-social-e-politica-do-1-o-marques-de-pombal\/#breadcrumb\"},\"inLanguage\":\"en-US\",\"potentialAction\":[{\"@type\":\"ReadAction\",\"target\":[\"https:\/\/lmt-consultores.com\/aspectos-da-vida-familiar-na-estrategia-de-ascensao-social-e-politica-do-1-o-marques-de-pombal\/\"]}]},{\"@type\":\"BreadcrumbList\",\"@id\":\"https:\/\/lmt-consultores.com\/aspectos-da-vida-familiar-na-estrategia-de-ascensao-social-e-politica-do-1-o-marques-de-pombal\/#breadcrumb\",\"itemListElement\":[{\"@type\":\"ListItem\",\"position\":1,\"name\":\"Home\",\"item\":\"https:\/\/lmt-consultores.com\/\"},{\"@type\":\"ListItem\",\"position\":2,\"name\":\"Aspectos da vida familiar na estrat\u00e9gia de ascens\u00e3o social e pol\u00edtica do 1.\u00ba marqu\u00eas de Pombal\"}]},{\"@type\":\"WebSite\",\"@id\":\"https:\/\/lmt-consultores.com\/#website\",\"url\":\"https:\/\/lmt-consultores.com\/\",\"name\":\"LMT Consultores\",\"description\":\"\",\"potentialAction\":[{\"@type\":\"SearchAction\",\"target\":{\"@type\":\"EntryPoint\",\"urlTemplate\":\"https:\/\/lmt-consultores.com\/?s={search_term_string}\"},\"query-input\":\"required name=search_term_string\"}],\"inLanguage\":\"en-US\"},{\"@type\":\"Person\",\"@id\":\"https:\/\/lmt-consultores.com\/#\/schema\/person\/fb0e3f2ad5669a436af9dd81df4c07bf\",\"name\":\"lais.i2w\",\"image\":{\"@type\":\"ImageObject\",\"inLanguage\":\"en-US\",\"@id\":\"https:\/\/lmt-consultores.com\/#\/schema\/person\/image\/\",\"url\":\"https:\/\/secure.gravatar.com\/avatar\/8b4b354cc1ccfe19b49459dc20c468eb0301f1084655a988e1c380a76b769d09?s=96&d=mm&r=g\",\"contentUrl\":\"https:\/\/secure.gravatar.com\/avatar\/8b4b354cc1ccfe19b49459dc20c468eb0301f1084655a988e1c380a76b769d09?s=96&d=mm&r=g\",\"caption\":\"lais.i2w\"},\"sameAs\":[\"https:\/\/lmt-consultores.com\"],\"url\":\"https:\/\/lmt-consultores.com\/en\/author\/lais-i2w\/\"}]}<\/script>\n<!-- \/ Yoast SEO plugin. -->","yoast_head_json":{"title":"Aspectos da vida familiar na estrat\u00e9gia de ascens\u00e3o social e pol\u00edtica do 1.\u00ba marqu\u00eas de Pombal - LMT Consultores","robots":{"index":"index","follow":"follow","max-snippet":"max-snippet:-1","max-image-preview":"max-image-preview:large","max-video-preview":"max-video-preview:-1"},"canonical":"https:\/\/lmt-consultores.com\/en\/aspectos-da-vida-familiar-na-estrategia-de-ascensao-social-e-politica-do-1-o-marques-de-pombal\/","og_locale":"en_US","og_type":"article","og_title":"Aspectos da vida familiar na estrat\u00e9gia de ascens\u00e3o social e pol\u00edtica do 1.\u00ba marqu\u00eas de Pombal - LMT Consultores","og_description":"Jo\u00e3o Bernardo Galv\u00e3o Teles, s\u00f3cio da\u00a0LMT Abreu Loureiro, Correia de Matos e Galv\u00e3o Teles, fez hoje a sua primeira confer\u00eancia na Academia Portuguesa da Hist\u00f3ria, depois de ter sido eleito acad\u00e9mico-correspondente em Julho de 2010.\u00a0Aspectos da vida familiar na estrat\u00e9gia de ascens\u00e3o social e pol\u00edtica do 1.\u00ba marqu\u00eas de Pombal\u00a0foi o tema tratado. Compreender at\u00e9 [&hellip;]","og_url":"https:\/\/lmt-consultores.com\/en\/aspectos-da-vida-familiar-na-estrategia-de-ascensao-social-e-politica-do-1-o-marques-de-pombal\/","og_site_name":"LMT Consultores","article_published_time":"2012-02-22T12:50:46+00:00","article_modified_time":"2023-10-02T13:51:02+00:00","og_image":[{"width":342,"height":181,"url":"https:\/\/lmt-consultores.com\/wp-content\/uploads\/2023\/10\/Aspectos_da_vida_familiar_na_estrategia_de_ascensao_social_e_politica_do_1._marques_de_Pombal.jpg","type":"image\/jpeg"}],"author":"lais.i2w","twitter_card":"summary_large_image","twitter_misc":{"Written by":"lais.i2w","Est. reading time":"2 minutes"},"schema":{"@context":"https:\/\/schema.org","@graph":[{"@type":"WebPage","@id":"https:\/\/lmt-consultores.com\/aspectos-da-vida-familiar-na-estrategia-de-ascensao-social-e-politica-do-1-o-marques-de-pombal\/","url":"https:\/\/lmt-consultores.com\/aspectos-da-vida-familiar-na-estrategia-de-ascensao-social-e-politica-do-1-o-marques-de-pombal\/","name":"Aspectos da vida familiar na estrat\u00e9gia de ascens\u00e3o social e pol\u00edtica do 1.\u00ba marqu\u00eas de Pombal - LMT Consultores","isPartOf":{"@id":"https:\/\/lmt-consultores.com\/#website"},"datePublished":"2012-02-22T12:50:46+00:00","dateModified":"2023-10-02T13:51:02+00:00","author":{"@id":"https:\/\/lmt-consultores.com\/#\/schema\/person\/fb0e3f2ad5669a436af9dd81df4c07bf"},"breadcrumb":{"@id":"https:\/\/lmt-consultores.com\/aspectos-da-vida-familiar-na-estrategia-de-ascensao-social-e-politica-do-1-o-marques-de-pombal\/#breadcrumb"},"inLanguage":"en-US","potentialAction":[{"@type":"ReadAction","target":["https:\/\/lmt-consultores.com\/aspectos-da-vida-familiar-na-estrategia-de-ascensao-social-e-politica-do-1-o-marques-de-pombal\/"]}]},{"@type":"BreadcrumbList","@id":"https:\/\/lmt-consultores.com\/aspectos-da-vida-familiar-na-estrategia-de-ascensao-social-e-politica-do-1-o-marques-de-pombal\/#breadcrumb","itemListElement":[{"@type":"ListItem","position":1,"name":"Home","item":"https:\/\/lmt-consultores.com\/"},{"@type":"ListItem","position":2,"name":"Aspectos da vida familiar na estrat\u00e9gia de ascens\u00e3o social e pol\u00edtica do 1.\u00ba marqu\u00eas de Pombal"}]},{"@type":"WebSite","@id":"https:\/\/lmt-consultores.com\/#website","url":"https:\/\/lmt-consultores.com\/","name":"LMT Consultores","description":"","potentialAction":[{"@type":"SearchAction","target":{"@type":"EntryPoint","urlTemplate":"https:\/\/lmt-consultores.com\/?s={search_term_string}"},"query-input":"required name=search_term_string"}],"inLanguage":"en-US"},{"@type":"Person","@id":"https:\/\/lmt-consultores.com\/#\/schema\/person\/fb0e3f2ad5669a436af9dd81df4c07bf","name":"lais.i2w","image":{"@type":"ImageObject","inLanguage":"en-US","@id":"https:\/\/lmt-consultores.com\/#\/schema\/person\/image\/","url":"https:\/\/secure.gravatar.com\/avatar\/8b4b354cc1ccfe19b49459dc20c468eb0301f1084655a988e1c380a76b769d09?s=96&d=mm&r=g","contentUrl":"https:\/\/secure.gravatar.com\/avatar\/8b4b354cc1ccfe19b49459dc20c468eb0301f1084655a988e1c380a76b769d09?s=96&d=mm&r=g","caption":"lais.i2w"},"sameAs":["https:\/\/lmt-consultores.com"],"url":"https:\/\/lmt-consultores.com\/en\/author\/lais-i2w\/"}]}},"_links":{"self":[{"href":"https:\/\/lmt-consultores.com\/en\/wp-json\/wp\/v2\/posts\/190","targetHints":{"allow":["GET"]}}],"collection":[{"href":"https:\/\/lmt-consultores.com\/en\/wp-json\/wp\/v2\/posts"}],"about":[{"href":"https:\/\/lmt-consultores.com\/en\/wp-json\/wp\/v2\/types\/post"}],"author":[{"embeddable":true,"href":"https:\/\/lmt-consultores.com\/en\/wp-json\/wp\/v2\/users\/1"}],"replies":[{"embeddable":true,"href":"https:\/\/lmt-consultores.com\/en\/wp-json\/wp\/v2\/comments?post=190"}],"version-history":[{"count":1,"href":"https:\/\/lmt-consultores.com\/en\/wp-json\/wp\/v2\/posts\/190\/revisions"}],"predecessor-version":[{"id":192,"href":"https:\/\/lmt-consultores.com\/en\/wp-json\/wp\/v2\/posts\/190\/revisions\/192"}],"wp:featuredmedia":[{"embeddable":true,"href":"https:\/\/lmt-consultores.com\/en\/wp-json\/wp\/v2\/media\/191"}],"wp:attachment":[{"href":"https:\/\/lmt-consultores.com\/en\/wp-json\/wp\/v2\/media?parent=190"}],"wp:term":[{"taxonomy":"category","embeddable":true,"href":"https:\/\/lmt-consultores.com\/en\/wp-json\/wp\/v2\/categories?post=190"},{"taxonomy":"post_tag","embeddable":true,"href":"https:\/\/lmt-consultores.com\/en\/wp-json\/wp\/v2\/tags?post=190"}],"curies":[{"name":"wp","href":"https:\/\/api.w.org\/{rel}","templated":true}]}}