{"id":1026,"date":"2024-05-13T11:48:52","date_gmt":"2024-05-13T14:48:52","guid":{"rendered":"https:\/\/lmt-consultores.com\/?p=1026"},"modified":"2024-05-13T11:48:52","modified_gmt":"2024-05-13T14:48:52","slug":"estudado-um-retrato-da-familia-dos-marqueses-de-pombal","status":"publish","type":"post","link":"https:\/\/lmt-consultores.com\/en\/estudado-um-retrato-da-familia-dos-marqueses-de-pombal\/","title":{"rendered":"Estudado um retrato da fam\u00edlia dos marqueses de Pombal"},"content":{"rendered":"<p>Louren\u00e7o Correia de Matos, s\u00f3cio da LMT Consultores em Hist\u00f3ria e Patrim\u00f3nio, elaborou um parecer sobre um quadro que retrata a fam\u00edlia dos marqueses de Pombal. Com base nos elementos biogr\u00e1ficos conhecidos e tendo por base diversos aspectos iconogr\u00e1ficos presentes na pintura, foi poss\u00edvel identificar as v\u00e1rias personagens representadas &#8211; o 2.\u00ba marqu\u00eas de Pombal e alguns dos seus parentes mais chegados &#8211; e datar a obra de um curto intervalo de anos no final do s\u00e9culo XVIII.<\/p>\n<p>O quadro ir\u00e1 a leil\u00e3o no pr\u00f3ximo dia 28, na leiloeira <a href=\"https:\/\/veritas.art\/\" target=\"_blank\" rel=\"noopener\">Veritas<\/a>.<\/p>\n<p>Pode ler o resumo do parecer de Louren\u00e7o Correia de Matos <a href=\"https:\/\/l.facebook.com\/l.php?u=https%3A%2F%2Fveritas.art%2Flot%2Fcena-de-interior-com-grupo-familiar-da-casa-dos-marqueses-de-pombal-1739490948%2F%3Ffbclid%3DIwZXh0bgNhZW0CMTAAAR2wSUahKFkmKDpq2HLS7YtwezLJ6GVgY5fWxh2sxN5clrgPlBwFY1R3ll4_aem_AYL47xsiDoKjnwai27t3_T2_HnpgyTcz2aGxeO1mXhri5R2D02JE8hkMBD_TbVzXL1YF2PIM0wQMLg1Is4kBo_XS&amp;h=AT2SadkOgMZDnkiIAMjd8nxRdRcwhAZkqRJmM_FmQvvICixdshw52tLNS7OYIUQs8DbF1nWjEtFOhWiK_f4OrK8SmCe0mcf9CLdnIDqZoLRDTEjU3wUxzD_J_cNqxkvZlw&amp;__tn__=-UK-R&amp;c[0]=AT1fEoBRMltcTllAcCf-0J65bdp2WaB_baGWtefKkk9Ptt3SR8mDhdGgHMKWY4lPQh9puxz28aplX0T9QU7QyjMDsDwfLLpA2d77-rcusyUc8UtTHCnELkK4bjgXuo9-0yTLfOv5Yubrr43IGl1vWzaIboS-YSfjD21mDL3JUEyuGzu-l8akvemhHN-EqorRH1wJk0qvqN8UWz7VYpV4FrR4VpFSzU3ph6ISdf9rrBx2QwfhdgkqKmlQhGJ5AdD1me0\" target=\"_blank\" rel=\"noopener\">aqui<\/a>.<\/p>","protected":false},"excerpt":{"rendered":"<p>Louren\u00e7o Correia de Matos, s\u00f3cio da LMT Consultores em Hist\u00f3ria e Patrim\u00f3nio, elaborou um parecer sobre um quadro que retrata a fam\u00edlia dos marqueses de Pombal. Com base nos elementos biogr\u00e1ficos conhecidos e tendo por base diversos aspectos iconogr\u00e1ficos presentes na pintura, foi poss\u00edvel identificar as v\u00e1rias personagens representadas &#8211; o 2.\u00ba marqu\u00eas de Pombal [&hellip;]<\/p>","protected":false},"author":3,"featured_media":1023,"comment_status":"open","ping_status":"open","sticky":false,"template":"","format":"standard","meta":{"footnotes":""},"categories":[1],"tags":[14,12,11,16,13,15],"class_list":["post-1026","post","type-post","status-publish","format-standard","has-post-thumbnail","hentry","category-uncategorized","tag-arte","tag-lmt-consultores","tag-lourenco-correia-de-matos","tag-marques-de-pombal","tag-nobreza","tag-seculo-xviii"],"acf":[],"yoast_head":"<!-- This site is optimized with the Yoast SEO plugin v21.6 - https:\/\/yoast.com\/wordpress\/plugins\/seo\/ -->\n<title>Estudado um retrato da fam\u00edlia dos marqueses de Pombal - LMT Consultores<\/title>\n<meta name=\"description\" content=\"Louren\u00e7o Correia de Matos, da LMT Consultores em Hist\u00f3ria e Patrim\u00f3nio, estudou retrato do s\u00e9culo XVIII da fam\u00edlia dos marqueses de Pombal\" \/>\n<meta name=\"robots\" content=\"index, follow, max-snippet:-1, max-image-preview:large, max-video-preview:-1\" \/>\n<link rel=\"canonical\" href=\"https:\/\/lmt-consultores.com\/en\/estudado-um-retrato-da-familia-dos-marqueses-de-pombal\/\" \/>\n<meta property=\"og:locale\" content=\"en_US\" \/>\n<meta property=\"og:type\" content=\"article\" \/>\n<meta property=\"og:title\" content=\"Estudado um retrato da fam\u00edlia dos marqueses de Pombal - LMT Consultores\" \/>\n<meta property=\"og:description\" content=\"Louren\u00e7o Correia de Matos, da LMT Consultores em Hist\u00f3ria e Patrim\u00f3nio, estudou retrato do s\u00e9culo XVIII da fam\u00edlia dos marqueses de Pombal\" \/>\n<meta property=\"og:url\" content=\"https:\/\/lmt-consultores.com\/en\/estudado-um-retrato-da-familia-dos-marqueses-de-pombal\/\" \/>\n<meta property=\"og:site_name\" content=\"LMT Consultores\" \/>\n<meta property=\"article:published_time\" content=\"2024-05-13T14:48:52+00:00\" \/>\n<meta property=\"og:image\" content=\"https:\/\/lmt-consultores.com\/wp-content\/uploads\/2024\/05\/441476358_454111903775116_6511465204653692079_n-e1715611562563.jpg\" \/>\n\t<meta property=\"og:image:width\" content=\"549\" \/>\n\t<meta property=\"og:image:height\" content=\"393\" \/>\n\t<meta property=\"og:image:type\" content=\"image\/jpeg\" \/>\n<meta name=\"author\" content=\"marketing-ltm\" \/>\n<meta name=\"twitter:card\" content=\"summary_large_image\" \/>\n<meta name=\"twitter:label1\" content=\"Written by\" \/>\n\t<meta name=\"twitter:data1\" content=\"marketing-ltm\" \/>\n\t<meta name=\"twitter:label2\" content=\"Est. reading time\" \/>\n\t<meta name=\"twitter:data2\" content=\"1 minute\" \/>\n<script type=\"application\/ld+json\" class=\"yoast-schema-graph\">{\"@context\":\"https:\/\/schema.org\",\"@graph\":[{\"@type\":\"WebPage\",\"@id\":\"https:\/\/lmt-consultores.com\/estudado-um-retrato-da-familia-dos-marqueses-de-pombal\/\",\"url\":\"https:\/\/lmt-consultores.com\/estudado-um-retrato-da-familia-dos-marqueses-de-pombal\/\",\"name\":\"Estudado um retrato da fam\u00edlia dos marqueses de Pombal - LMT Consultores\",\"isPartOf\":{\"@id\":\"https:\/\/lmt-consultores.com\/#website\"},\"datePublished\":\"2024-05-13T14:48:52+00:00\",\"dateModified\":\"2024-05-13T14:48:52+00:00\",\"author\":{\"@id\":\"https:\/\/lmt-consultores.com\/#\/schema\/person\/5950ab76140bdfd293ad948f5fabbd46\"},\"description\":\"Louren\u00e7o Correia de Matos, da LMT Consultores em Hist\u00f3ria e Patrim\u00f3nio, estudou retrato do s\u00e9culo XVIII da fam\u00edlia dos marqueses de Pombal\",\"breadcrumb\":{\"@id\":\"https:\/\/lmt-consultores.com\/estudado-um-retrato-da-familia-dos-marqueses-de-pombal\/#breadcrumb\"},\"inLanguage\":\"en-US\",\"potentialAction\":[{\"@type\":\"ReadAction\",\"target\":[\"https:\/\/lmt-consultores.com\/estudado-um-retrato-da-familia-dos-marqueses-de-pombal\/\"]}]},{\"@type\":\"BreadcrumbList\",\"@id\":\"https:\/\/lmt-consultores.com\/estudado-um-retrato-da-familia-dos-marqueses-de-pombal\/#breadcrumb\",\"itemListElement\":[{\"@type\":\"ListItem\",\"position\":1,\"name\":\"Home\",\"item\":\"https:\/\/lmt-consultores.com\/\"},{\"@type\":\"ListItem\",\"position\":2,\"name\":\"Estudado um retrato da fam\u00edlia dos marqueses de Pombal\"}]},{\"@type\":\"WebSite\",\"@id\":\"https:\/\/lmt-consultores.com\/#website\",\"url\":\"https:\/\/lmt-consultores.com\/\",\"name\":\"LMT Consultores\",\"description\":\"\",\"potentialAction\":[{\"@type\":\"SearchAction\",\"target\":{\"@type\":\"EntryPoint\",\"urlTemplate\":\"https:\/\/lmt-consultores.com\/?s={search_term_string}\"},\"query-input\":\"required name=search_term_string\"}],\"inLanguage\":\"en-US\"},{\"@type\":\"Person\",\"@id\":\"https:\/\/lmt-consultores.com\/#\/schema\/person\/5950ab76140bdfd293ad948f5fabbd46\",\"name\":\"marketing-ltm\",\"image\":{\"@type\":\"ImageObject\",\"inLanguage\":\"en-US\",\"@id\":\"https:\/\/lmt-consultores.com\/#\/schema\/person\/image\/\",\"url\":\"https:\/\/secure.gravatar.com\/avatar\/b192872467d4f646bfca8e6e19bd2ae86f995d16a1436819e420e573ccc30fe6?s=96&d=mm&r=g\",\"contentUrl\":\"https:\/\/secure.gravatar.com\/avatar\/b192872467d4f646bfca8e6e19bd2ae86f995d16a1436819e420e573ccc30fe6?s=96&d=mm&r=g\",\"caption\":\"marketing-ltm\"},\"url\":\"https:\/\/lmt-consultores.com\/en\/author\/marketing-ltm\/\"}]}<\/script>\n<!-- \/ Yoast SEO plugin. -->","yoast_head_json":{"title":"Estudado um retrato da fam\u00edlia dos marqueses de Pombal - LMT Consultores","description":"Louren\u00e7o Correia de Matos, da LMT Consultores em Hist\u00f3ria e Patrim\u00f3nio, estudou retrato do s\u00e9culo XVIII da fam\u00edlia dos marqueses de Pombal","robots":{"index":"index","follow":"follow","max-snippet":"max-snippet:-1","max-image-preview":"max-image-preview:large","max-video-preview":"max-video-preview:-1"},"canonical":"https:\/\/lmt-consultores.com\/en\/estudado-um-retrato-da-familia-dos-marqueses-de-pombal\/","og_locale":"en_US","og_type":"article","og_title":"Estudado um retrato da fam\u00edlia dos marqueses de Pombal - LMT Consultores","og_description":"Louren\u00e7o Correia de Matos, da LMT Consultores em Hist\u00f3ria e Patrim\u00f3nio, estudou retrato do s\u00e9culo XVIII da fam\u00edlia dos marqueses de Pombal","og_url":"https:\/\/lmt-consultores.com\/en\/estudado-um-retrato-da-familia-dos-marqueses-de-pombal\/","og_site_name":"LMT Consultores","article_published_time":"2024-05-13T14:48:52+00:00","og_image":[{"width":549,"height":393,"url":"https:\/\/lmt-consultores.com\/wp-content\/uploads\/2024\/05\/441476358_454111903775116_6511465204653692079_n-e1715611562563.jpg","type":"image\/jpeg"}],"author":"marketing-ltm","twitter_card":"summary_large_image","twitter_misc":{"Written by":"marketing-ltm","Est. reading time":"1 minute"},"schema":{"@context":"https:\/\/schema.org","@graph":[{"@type":"WebPage","@id":"https:\/\/lmt-consultores.com\/estudado-um-retrato-da-familia-dos-marqueses-de-pombal\/","url":"https:\/\/lmt-consultores.com\/estudado-um-retrato-da-familia-dos-marqueses-de-pombal\/","name":"Estudado um retrato da fam\u00edlia dos marqueses de Pombal - LMT Consultores","isPartOf":{"@id":"https:\/\/lmt-consultores.com\/#website"},"datePublished":"2024-05-13T14:48:52+00:00","dateModified":"2024-05-13T14:48:52+00:00","author":{"@id":"https:\/\/lmt-consultores.com\/#\/schema\/person\/5950ab76140bdfd293ad948f5fabbd46"},"description":"Louren\u00e7o Correia de Matos, da LMT Consultores em Hist\u00f3ria e Patrim\u00f3nio, estudou retrato do s\u00e9culo XVIII da fam\u00edlia dos marqueses de Pombal","breadcrumb":{"@id":"https:\/\/lmt-consultores.com\/estudado-um-retrato-da-familia-dos-marqueses-de-pombal\/#breadcrumb"},"inLanguage":"en-US","potentialAction":[{"@type":"ReadAction","target":["https:\/\/lmt-consultores.com\/estudado-um-retrato-da-familia-dos-marqueses-de-pombal\/"]}]},{"@type":"BreadcrumbList","@id":"https:\/\/lmt-consultores.com\/estudado-um-retrato-da-familia-dos-marqueses-de-pombal\/#breadcrumb","itemListElement":[{"@type":"ListItem","position":1,"name":"Home","item":"https:\/\/lmt-consultores.com\/"},{"@type":"ListItem","position":2,"name":"Estudado um retrato da fam\u00edlia dos marqueses de Pombal"}]},{"@type":"WebSite","@id":"https:\/\/lmt-consultores.com\/#website","url":"https:\/\/lmt-consultores.com\/","name":"LMT Consultores","description":"","potentialAction":[{"@type":"SearchAction","target":{"@type":"EntryPoint","urlTemplate":"https:\/\/lmt-consultores.com\/?s={search_term_string}"},"query-input":"required name=search_term_string"}],"inLanguage":"en-US"},{"@type":"Person","@id":"https:\/\/lmt-consultores.com\/#\/schema\/person\/5950ab76140bdfd293ad948f5fabbd46","name":"marketing-ltm","image":{"@type":"ImageObject","inLanguage":"en-US","@id":"https:\/\/lmt-consultores.com\/#\/schema\/person\/image\/","url":"https:\/\/secure.gravatar.com\/avatar\/b192872467d4f646bfca8e6e19bd2ae86f995d16a1436819e420e573ccc30fe6?s=96&d=mm&r=g","contentUrl":"https:\/\/secure.gravatar.com\/avatar\/b192872467d4f646bfca8e6e19bd2ae86f995d16a1436819e420e573ccc30fe6?s=96&d=mm&r=g","caption":"marketing-ltm"},"url":"https:\/\/lmt-consultores.com\/en\/author\/marketing-ltm\/"}]}},"_links":{"self":[{"href":"https:\/\/lmt-consultores.com\/en\/wp-json\/wp\/v2\/posts\/1026","targetHints":{"allow":["GET"]}}],"collection":[{"href":"https:\/\/lmt-consultores.com\/en\/wp-json\/wp\/v2\/posts"}],"about":[{"href":"https:\/\/lmt-consultores.com\/en\/wp-json\/wp\/v2\/types\/post"}],"author":[{"embeddable":true,"href":"https:\/\/lmt-consultores.com\/en\/wp-json\/wp\/v2\/users\/3"}],"replies":[{"embeddable":true,"href":"https:\/\/lmt-consultores.com\/en\/wp-json\/wp\/v2\/comments?post=1026"}],"version-history":[{"count":1,"href":"https:\/\/lmt-consultores.com\/en\/wp-json\/wp\/v2\/posts\/1026\/revisions"}],"predecessor-version":[{"id":1027,"href":"https:\/\/lmt-consultores.com\/en\/wp-json\/wp\/v2\/posts\/1026\/revisions\/1027"}],"wp:featuredmedia":[{"embeddable":true,"href":"https:\/\/lmt-consultores.com\/en\/wp-json\/wp\/v2\/media\/1023"}],"wp:attachment":[{"href":"https:\/\/lmt-consultores.com\/en\/wp-json\/wp\/v2\/media?parent=1026"}],"wp:term":[{"taxonomy":"category","embeddable":true,"href":"https:\/\/lmt-consultores.com\/en\/wp-json\/wp\/v2\/categories?post=1026"},{"taxonomy":"post_tag","embeddable":true,"href":"https:\/\/lmt-consultores.com\/en\/wp-json\/wp\/v2\/tags?post=1026"}],"curies":[{"name":"wp","href":"https:\/\/api.w.org\/{rel}","templated":true}]}}