{"id":1016,"date":"2023-12-07T16:22:00","date_gmt":"2023-12-07T19:22:00","guid":{"rendered":"https:\/\/lmt-consultores.com\/?p=1016"},"modified":"2024-02-09T16:31:34","modified_gmt":"2024-02-09T19:31:34","slug":"o-logotipo-do-governo-e-a-bandeira-nacional-texto-de-joao-bernardo-galvao-teles-no-jornal-publico","status":"publish","type":"post","link":"https:\/\/lmt-consultores.com\/en\/o-logotipo-do-governo-e-a-bandeira-nacional-texto-de-joao-bernardo-galvao-teles-no-jornal-publico\/","title":{"rendered":"&#8220;O log\u00f3tipo do Governo e a bandeira nacional&#8221;, texto de Jo\u00e3o Bernardo Galv\u00e3o Teles no jornal P\u00fablico"},"content":{"rendered":"<p>Jo\u00e3o Bernardo Galv\u00e3o Teles escreveu no jornal <em>P\u00fablico<\/em> um artigo sobre <em>O log\u00f3tipo do Governo e a bandeira nacional<\/em>, destacando que a <em>&#8220;nova \u00abmarca\u00bb institucional do governo, de question\u00e1vel qualidade est\u00e9tica, se traduziu numa profunda e grosseira adultera\u00e7\u00e3o daquele s\u00edmbolo nacional ao fazer desaparecer a esfera armilar e o escudo, com as suas quinas e bordadura de castelos&#8221;<\/em>.<\/p>\n<p>No entender do s\u00f3cio da LMT Consultores em Hist\u00f3ria e Patrim\u00f3nio, os s\u00edmbolos usados pelos \u00f3rg\u00e3os de soberania e, em particular, do executivo <em>&#8220;devem ser perenes ao inv\u00e9s de andarem \u00e0 merc\u00ea de modas, gostos e veleidades interpretativas daqueles que transitoriamente se acham investidos em fun\u00e7\u00f5es governativas&#8221;<\/em>.<\/p>\n<p>Leia o texto completo <a href=\"https:\/\/www.publico.pt\/2023\/12\/06\/opiniao\/opiniao\/logotipo-governo-bandeira-nacional-2072833?fbclid=IwAR1cB6y6ZVLEwejhyLxVMSOnPW7x6BuAX6vFMELixQctSKc7GDbQyVAQdJ0\" target=\"_blank\" rel=\"noopener\">aqui<\/a>.<\/p>","protected":false},"excerpt":{"rendered":"<p>Jo\u00e3o Bernardo Galv\u00e3o Teles escreveu no jornal P\u00fablico um artigo sobre O log\u00f3tipo do Governo e a bandeira nacional, destacando que a &#8220;nova \u00abmarca\u00bb institucional do governo, de question\u00e1vel qualidade est\u00e9tica, se traduziu numa profunda e grosseira adultera\u00e7\u00e3o daquele s\u00edmbolo nacional ao fazer desaparecer a esfera armilar e o escudo, com as suas quinas e [&hellip;]<\/p>","protected":false},"author":3,"featured_media":1015,"comment_status":"open","ping_status":"open","sticky":false,"template":"","format":"standard","meta":{"footnotes":""},"categories":[1],"tags":[],"class_list":["post-1016","post","type-post","status-publish","format-standard","has-post-thumbnail","hentry","category-uncategorized"],"acf":[],"yoast_head":"<!-- This site is optimized with the Yoast SEO plugin v21.6 - https:\/\/yoast.com\/wordpress\/plugins\/seo\/ -->\n<title>&quot;O log\u00f3tipo do Governo e a bandeira nacional&quot;, texto de Jo\u00e3o Bernardo Galv\u00e3o Teles no jornal P\u00fablico - LMT Consultores<\/title>\n<meta name=\"robots\" content=\"index, follow, max-snippet:-1, max-image-preview:large, max-video-preview:-1\" \/>\n<link rel=\"canonical\" href=\"https:\/\/lmt-consultores.com\/en\/o-logotipo-do-governo-e-a-bandeira-nacional-texto-de-joao-bernardo-galvao-teles-no-jornal-publico\/\" \/>\n<meta property=\"og:locale\" content=\"en_US\" \/>\n<meta property=\"og:type\" content=\"article\" \/>\n<meta property=\"og:title\" content=\"&quot;O log\u00f3tipo do Governo e a bandeira nacional&quot;, texto de Jo\u00e3o Bernardo Galv\u00e3o Teles no jornal P\u00fablico - LMT Consultores\" \/>\n<meta property=\"og:description\" content=\"Jo\u00e3o Bernardo Galv\u00e3o Teles escreveu no jornal P\u00fablico um artigo sobre O log\u00f3tipo do Governo e a bandeira nacional, destacando que a &#8220;nova \u00abmarca\u00bb institucional do governo, de question\u00e1vel qualidade est\u00e9tica, se traduziu numa profunda e grosseira adultera\u00e7\u00e3o daquele s\u00edmbolo nacional ao fazer desaparecer a esfera armilar e o escudo, com as suas quinas e [&hellip;]\" \/>\n<meta property=\"og:url\" content=\"https:\/\/lmt-consultores.com\/en\/o-logotipo-do-governo-e-a-bandeira-nacional-texto-de-joao-bernardo-galvao-teles-no-jornal-publico\/\" \/>\n<meta property=\"og:site_name\" content=\"LMT Consultores\" \/>\n<meta property=\"article:published_time\" content=\"2023-12-07T19:22:00+00:00\" \/>\n<meta property=\"article:modified_time\" content=\"2024-02-09T19:31:34+00:00\" \/>\n<meta property=\"og:image\" content=\"https:\/\/lmt-consultores.com\/wp-content\/uploads\/2024\/02\/1-Logotipo-e1707507071432.png\" \/>\n\t<meta property=\"og:image:width\" content=\"398\" \/>\n\t<meta property=\"og:image:height\" content=\"111\" \/>\n\t<meta property=\"og:image:type\" content=\"image\/png\" \/>\n<meta name=\"author\" content=\"marketing-ltm\" \/>\n<meta name=\"twitter:card\" content=\"summary_large_image\" \/>\n<meta name=\"twitter:label1\" content=\"Written by\" \/>\n\t<meta name=\"twitter:data1\" content=\"marketing-ltm\" \/>\n\t<meta name=\"twitter:label2\" content=\"Est. reading time\" \/>\n\t<meta name=\"twitter:data2\" content=\"1 minute\" \/>\n<script type=\"application\/ld+json\" class=\"yoast-schema-graph\">{\"@context\":\"https:\/\/schema.org\",\"@graph\":[{\"@type\":\"WebPage\",\"@id\":\"https:\/\/lmt-consultores.com\/o-logotipo-do-governo-e-a-bandeira-nacional-texto-de-joao-bernardo-galvao-teles-no-jornal-publico\/\",\"url\":\"https:\/\/lmt-consultores.com\/o-logotipo-do-governo-e-a-bandeira-nacional-texto-de-joao-bernardo-galvao-teles-no-jornal-publico\/\",\"name\":\"\\\"O log\u00f3tipo do Governo e a bandeira nacional\\\", texto de Jo\u00e3o Bernardo Galv\u00e3o Teles no jornal P\u00fablico - LMT Consultores\",\"isPartOf\":{\"@id\":\"https:\/\/lmt-consultores.com\/#website\"},\"datePublished\":\"2023-12-07T19:22:00+00:00\",\"dateModified\":\"2024-02-09T19:31:34+00:00\",\"author\":{\"@id\":\"https:\/\/lmt-consultores.com\/#\/schema\/person\/5950ab76140bdfd293ad948f5fabbd46\"},\"breadcrumb\":{\"@id\":\"https:\/\/lmt-consultores.com\/o-logotipo-do-governo-e-a-bandeira-nacional-texto-de-joao-bernardo-galvao-teles-no-jornal-publico\/#breadcrumb\"},\"inLanguage\":\"en-US\",\"potentialAction\":[{\"@type\":\"ReadAction\",\"target\":[\"https:\/\/lmt-consultores.com\/o-logotipo-do-governo-e-a-bandeira-nacional-texto-de-joao-bernardo-galvao-teles-no-jornal-publico\/\"]}]},{\"@type\":\"BreadcrumbList\",\"@id\":\"https:\/\/lmt-consultores.com\/o-logotipo-do-governo-e-a-bandeira-nacional-texto-de-joao-bernardo-galvao-teles-no-jornal-publico\/#breadcrumb\",\"itemListElement\":[{\"@type\":\"ListItem\",\"position\":1,\"name\":\"Home\",\"item\":\"https:\/\/lmt-consultores.com\/\"},{\"@type\":\"ListItem\",\"position\":2,\"name\":\"&#8220;O log\u00f3tipo do Governo e a bandeira nacional&#8221;, texto de Jo\u00e3o Bernardo Galv\u00e3o Teles no jornal P\u00fablico\"}]},{\"@type\":\"WebSite\",\"@id\":\"https:\/\/lmt-consultores.com\/#website\",\"url\":\"https:\/\/lmt-consultores.com\/\",\"name\":\"LMT Consultores\",\"description\":\"\",\"potentialAction\":[{\"@type\":\"SearchAction\",\"target\":{\"@type\":\"EntryPoint\",\"urlTemplate\":\"https:\/\/lmt-consultores.com\/?s={search_term_string}\"},\"query-input\":\"required name=search_term_string\"}],\"inLanguage\":\"en-US\"},{\"@type\":\"Person\",\"@id\":\"https:\/\/lmt-consultores.com\/#\/schema\/person\/5950ab76140bdfd293ad948f5fabbd46\",\"name\":\"marketing-ltm\",\"image\":{\"@type\":\"ImageObject\",\"inLanguage\":\"en-US\",\"@id\":\"https:\/\/lmt-consultores.com\/#\/schema\/person\/image\/\",\"url\":\"https:\/\/secure.gravatar.com\/avatar\/b192872467d4f646bfca8e6e19bd2ae86f995d16a1436819e420e573ccc30fe6?s=96&d=mm&r=g\",\"contentUrl\":\"https:\/\/secure.gravatar.com\/avatar\/b192872467d4f646bfca8e6e19bd2ae86f995d16a1436819e420e573ccc30fe6?s=96&d=mm&r=g\",\"caption\":\"marketing-ltm\"},\"url\":\"https:\/\/lmt-consultores.com\/en\/author\/marketing-ltm\/\"}]}<\/script>\n<!-- \/ Yoast SEO plugin. -->","yoast_head_json":{"title":"\"O log\u00f3tipo do Governo e a bandeira nacional\", texto de Jo\u00e3o Bernardo Galv\u00e3o Teles no jornal P\u00fablico - LMT Consultores","robots":{"index":"index","follow":"follow","max-snippet":"max-snippet:-1","max-image-preview":"max-image-preview:large","max-video-preview":"max-video-preview:-1"},"canonical":"https:\/\/lmt-consultores.com\/en\/o-logotipo-do-governo-e-a-bandeira-nacional-texto-de-joao-bernardo-galvao-teles-no-jornal-publico\/","og_locale":"en_US","og_type":"article","og_title":"\"O log\u00f3tipo do Governo e a bandeira nacional\", texto de Jo\u00e3o Bernardo Galv\u00e3o Teles no jornal P\u00fablico - LMT Consultores","og_description":"Jo\u00e3o Bernardo Galv\u00e3o Teles escreveu no jornal P\u00fablico um artigo sobre O log\u00f3tipo do Governo e a bandeira nacional, destacando que a &#8220;nova \u00abmarca\u00bb institucional do governo, de question\u00e1vel qualidade est\u00e9tica, se traduziu numa profunda e grosseira adultera\u00e7\u00e3o daquele s\u00edmbolo nacional ao fazer desaparecer a esfera armilar e o escudo, com as suas quinas e [&hellip;]","og_url":"https:\/\/lmt-consultores.com\/en\/o-logotipo-do-governo-e-a-bandeira-nacional-texto-de-joao-bernardo-galvao-teles-no-jornal-publico\/","og_site_name":"LMT Consultores","article_published_time":"2023-12-07T19:22:00+00:00","article_modified_time":"2024-02-09T19:31:34+00:00","og_image":[{"width":398,"height":111,"url":"https:\/\/lmt-consultores.com\/wp-content\/uploads\/2024\/02\/1-Logotipo-e1707507071432.png","type":"image\/png"}],"author":"marketing-ltm","twitter_card":"summary_large_image","twitter_misc":{"Written by":"marketing-ltm","Est. reading time":"1 minute"},"schema":{"@context":"https:\/\/schema.org","@graph":[{"@type":"WebPage","@id":"https:\/\/lmt-consultores.com\/o-logotipo-do-governo-e-a-bandeira-nacional-texto-de-joao-bernardo-galvao-teles-no-jornal-publico\/","url":"https:\/\/lmt-consultores.com\/o-logotipo-do-governo-e-a-bandeira-nacional-texto-de-joao-bernardo-galvao-teles-no-jornal-publico\/","name":"\"O log\u00f3tipo do Governo e a bandeira nacional\", texto de Jo\u00e3o Bernardo Galv\u00e3o Teles no jornal P\u00fablico - LMT Consultores","isPartOf":{"@id":"https:\/\/lmt-consultores.com\/#website"},"datePublished":"2023-12-07T19:22:00+00:00","dateModified":"2024-02-09T19:31:34+00:00","author":{"@id":"https:\/\/lmt-consultores.com\/#\/schema\/person\/5950ab76140bdfd293ad948f5fabbd46"},"breadcrumb":{"@id":"https:\/\/lmt-consultores.com\/o-logotipo-do-governo-e-a-bandeira-nacional-texto-de-joao-bernardo-galvao-teles-no-jornal-publico\/#breadcrumb"},"inLanguage":"en-US","potentialAction":[{"@type":"ReadAction","target":["https:\/\/lmt-consultores.com\/o-logotipo-do-governo-e-a-bandeira-nacional-texto-de-joao-bernardo-galvao-teles-no-jornal-publico\/"]}]},{"@type":"BreadcrumbList","@id":"https:\/\/lmt-consultores.com\/o-logotipo-do-governo-e-a-bandeira-nacional-texto-de-joao-bernardo-galvao-teles-no-jornal-publico\/#breadcrumb","itemListElement":[{"@type":"ListItem","position":1,"name":"Home","item":"https:\/\/lmt-consultores.com\/"},{"@type":"ListItem","position":2,"name":"&#8220;O log\u00f3tipo do Governo e a bandeira nacional&#8221;, texto de Jo\u00e3o Bernardo Galv\u00e3o Teles no jornal P\u00fablico"}]},{"@type":"WebSite","@id":"https:\/\/lmt-consultores.com\/#website","url":"https:\/\/lmt-consultores.com\/","name":"LMT Consultores","description":"","potentialAction":[{"@type":"SearchAction","target":{"@type":"EntryPoint","urlTemplate":"https:\/\/lmt-consultores.com\/?s={search_term_string}"},"query-input":"required name=search_term_string"}],"inLanguage":"en-US"},{"@type":"Person","@id":"https:\/\/lmt-consultores.com\/#\/schema\/person\/5950ab76140bdfd293ad948f5fabbd46","name":"marketing-ltm","image":{"@type":"ImageObject","inLanguage":"en-US","@id":"https:\/\/lmt-consultores.com\/#\/schema\/person\/image\/","url":"https:\/\/secure.gravatar.com\/avatar\/b192872467d4f646bfca8e6e19bd2ae86f995d16a1436819e420e573ccc30fe6?s=96&d=mm&r=g","contentUrl":"https:\/\/secure.gravatar.com\/avatar\/b192872467d4f646bfca8e6e19bd2ae86f995d16a1436819e420e573ccc30fe6?s=96&d=mm&r=g","caption":"marketing-ltm"},"url":"https:\/\/lmt-consultores.com\/en\/author\/marketing-ltm\/"}]}},"_links":{"self":[{"href":"https:\/\/lmt-consultores.com\/en\/wp-json\/wp\/v2\/posts\/1016","targetHints":{"allow":["GET"]}}],"collection":[{"href":"https:\/\/lmt-consultores.com\/en\/wp-json\/wp\/v2\/posts"}],"about":[{"href":"https:\/\/lmt-consultores.com\/en\/wp-json\/wp\/v2\/types\/post"}],"author":[{"embeddable":true,"href":"https:\/\/lmt-consultores.com\/en\/wp-json\/wp\/v2\/users\/3"}],"replies":[{"embeddable":true,"href":"https:\/\/lmt-consultores.com\/en\/wp-json\/wp\/v2\/comments?post=1016"}],"version-history":[{"count":1,"href":"https:\/\/lmt-consultores.com\/en\/wp-json\/wp\/v2\/posts\/1016\/revisions"}],"predecessor-version":[{"id":1017,"href":"https:\/\/lmt-consultores.com\/en\/wp-json\/wp\/v2\/posts\/1016\/revisions\/1017"}],"wp:featuredmedia":[{"embeddable":true,"href":"https:\/\/lmt-consultores.com\/en\/wp-json\/wp\/v2\/media\/1015"}],"wp:attachment":[{"href":"https:\/\/lmt-consultores.com\/en\/wp-json\/wp\/v2\/media?parent=1016"}],"wp:term":[{"taxonomy":"category","embeddable":true,"href":"https:\/\/lmt-consultores.com\/en\/wp-json\/wp\/v2\/categories?post=1016"},{"taxonomy":"post_tag","embeddable":true,"href":"https:\/\/lmt-consultores.com\/en\/wp-json\/wp\/v2\/tags?post=1016"}],"curies":[{"name":"wp","href":"https:\/\/api.w.org\/{rel}","templated":true}]}}