{"id":624,"date":"2022-01-19T07:03:45","date_gmt":"2022-01-19T10:03:45","guid":{"rendered":"https:\/\/i2w.com.br\/lmtconsultores\/?p=624"},"modified":"2023-11-23T08:58:31","modified_gmt":"2023-11-23T11:58:31","slug":"conferencia-de-lourenco-correia-de-matos-na-academia-portuguesa-da-historia","status":"publish","type":"post","link":"http:\/\/lmt-consultores.com\/en\/conferencia-de-lourenco-correia-de-matos-na-academia-portuguesa-da-historia\/","title":{"rendered":"Confer\u00eancia de Louren\u00e7o Correia de Matos na Academia Portuguesa da Hist\u00f3ria"},"content":{"rendered":"<p><span style=\"font-weight: 400;\">Louren\u00e7o Correia de Matos, <\/span><span style=\"font-weight: 400;\">s\u00f3cio da LMT Consultores em Hist\u00f3ria e Patrim\u00f3nio, <\/span><span style=\"font-weight: 400;\">apresentou hoje na Academia Portuguesa da Hist\u00f3ria uma comunica\u00e7\u00e3o intitulada <\/span><i><span style=\"font-weight: 400;\">A Ordem de Malta em Portugal durante a Monarquia Constitucional, cumprindo assim o dever estatut\u00e1rio dos acad\u00e9micos de apresentarem comunica\u00e7\u00f5es nas sess\u00f5es daquela Academia. <\/span><\/i><\/p>","protected":false},"excerpt":{"rendered":"<p>Louren\u00e7o Correia de Matos, s\u00f3cio da LMT Consultores em Hist\u00f3ria e Patrim\u00f3nio, apresentou hoje na Academia Portuguesa da Hist\u00f3ria uma comunica\u00e7\u00e3o intitulada A Ordem de Malta em Portugal durante a Monarquia Constitucional, cumprindo assim o dever estatut\u00e1rio dos acad\u00e9micos de apresentarem comunica\u00e7\u00f5es nas sess\u00f5es daquela Academia.<\/p>","protected":false},"author":1,"featured_media":869,"comment_status":"open","ping_status":"open","sticky":false,"template":"","format":"standard","meta":{"footnotes":""},"categories":[1],"tags":[],"class_list":["post-624","post","type-post","status-publish","format-standard","has-post-thumbnail","hentry","category-uncategorized"],"acf":[],"yoast_head":"<!-- This site is optimized with the Yoast SEO plugin v21.6 - https:\/\/yoast.com\/wordpress\/plugins\/seo\/ -->\n<title>Confer\u00eancia de Louren\u00e7o Correia de Matos na Academia Portuguesa da Hist\u00f3ria - LMT Consultores<\/title>\n<meta name=\"robots\" content=\"index, follow, max-snippet:-1, max-image-preview:large, max-video-preview:-1\" \/>\n<link rel=\"canonical\" href=\"http:\/\/lmt-consultores.com\/en\/conferencia-de-lourenco-correia-de-matos-na-academia-portuguesa-da-historia\/\" \/>\n<meta property=\"og:locale\" content=\"en_US\" \/>\n<meta property=\"og:type\" content=\"article\" \/>\n<meta property=\"og:title\" content=\"Confer\u00eancia de Louren\u00e7o Correia de Matos na Academia Portuguesa da Hist\u00f3ria - LMT Consultores\" \/>\n<meta property=\"og:description\" content=\"Louren\u00e7o Correia de Matos, s\u00f3cio da LMT Consultores em Hist\u00f3ria e Patrim\u00f3nio, apresentou hoje na Academia Portuguesa da Hist\u00f3ria uma comunica\u00e7\u00e3o intitulada A Ordem de Malta em Portugal durante a Monarquia Constitucional, cumprindo assim o dever estatut\u00e1rio dos acad\u00e9micos de apresentarem comunica\u00e7\u00f5es nas sess\u00f5es daquela Academia.\" \/>\n<meta property=\"og:url\" content=\"http:\/\/lmt-consultores.com\/en\/conferencia-de-lourenco-correia-de-matos-na-academia-portuguesa-da-historia\/\" \/>\n<meta property=\"og:site_name\" content=\"LMT Consultores\" \/>\n<meta property=\"article:published_time\" content=\"2022-01-19T10:03:45+00:00\" \/>\n<meta property=\"article:modified_time\" content=\"2023-11-23T11:58:31+00:00\" \/>\n<meta property=\"og:image\" content=\"https:\/\/lmt-consultores.com\/wp-content\/uploads\/2022\/11\/LMT-noticias-20.jpg\" \/>\n\t<meta property=\"og:image:width\" content=\"484\" \/>\n\t<meta property=\"og:image:height\" content=\"641\" \/>\n\t<meta property=\"og:image:type\" content=\"image\/jpeg\" \/>\n<meta name=\"author\" content=\"lais.i2w\" \/>\n<meta name=\"twitter:card\" content=\"summary_large_image\" \/>\n<meta name=\"twitter:label1\" content=\"Written by\" \/>\n\t<meta name=\"twitter:data1\" content=\"lais.i2w\" \/>\n\t<meta name=\"twitter:label2\" content=\"Est. reading time\" \/>\n\t<meta name=\"twitter:data2\" content=\"1 minute\" \/>\n<script type=\"application\/ld+json\" class=\"yoast-schema-graph\">{\"@context\":\"https:\/\/schema.org\",\"@graph\":[{\"@type\":\"WebPage\",\"@id\":\"https:\/\/lmt-consultores.com\/conferencia-de-lourenco-correia-de-matos-na-academia-portuguesa-da-historia\/\",\"url\":\"https:\/\/lmt-consultores.com\/conferencia-de-lourenco-correia-de-matos-na-academia-portuguesa-da-historia\/\",\"name\":\"Confer\u00eancia de Louren\u00e7o Correia de Matos na Academia Portuguesa da Hist\u00f3ria - LMT Consultores\",\"isPartOf\":{\"@id\":\"https:\/\/lmt-consultores.com\/#website\"},\"datePublished\":\"2022-01-19T10:03:45+00:00\",\"dateModified\":\"2023-11-23T11:58:31+00:00\",\"author\":{\"@id\":\"https:\/\/lmt-consultores.com\/#\/schema\/person\/fb0e3f2ad5669a436af9dd81df4c07bf\"},\"breadcrumb\":{\"@id\":\"https:\/\/lmt-consultores.com\/conferencia-de-lourenco-correia-de-matos-na-academia-portuguesa-da-historia\/#breadcrumb\"},\"inLanguage\":\"en-US\",\"potentialAction\":[{\"@type\":\"ReadAction\",\"target\":[\"https:\/\/lmt-consultores.com\/conferencia-de-lourenco-correia-de-matos-na-academia-portuguesa-da-historia\/\"]}]},{\"@type\":\"BreadcrumbList\",\"@id\":\"https:\/\/lmt-consultores.com\/conferencia-de-lourenco-correia-de-matos-na-academia-portuguesa-da-historia\/#breadcrumb\",\"itemListElement\":[{\"@type\":\"ListItem\",\"position\":1,\"name\":\"Home\",\"item\":\"https:\/\/lmt-consultores.com\/\"},{\"@type\":\"ListItem\",\"position\":2,\"name\":\"Confer\u00eancia de Louren\u00e7o Correia de Matos na Academia Portuguesa da Hist\u00f3ria\"}]},{\"@type\":\"WebSite\",\"@id\":\"https:\/\/lmt-consultores.com\/#website\",\"url\":\"https:\/\/lmt-consultores.com\/\",\"name\":\"LMT Consultores\",\"description\":\"\",\"potentialAction\":[{\"@type\":\"SearchAction\",\"target\":{\"@type\":\"EntryPoint\",\"urlTemplate\":\"https:\/\/lmt-consultores.com\/?s={search_term_string}\"},\"query-input\":\"required name=search_term_string\"}],\"inLanguage\":\"en-US\"},{\"@type\":\"Person\",\"@id\":\"https:\/\/lmt-consultores.com\/#\/schema\/person\/fb0e3f2ad5669a436af9dd81df4c07bf\",\"name\":\"lais.i2w\",\"image\":{\"@type\":\"ImageObject\",\"inLanguage\":\"en-US\",\"@id\":\"https:\/\/lmt-consultores.com\/#\/schema\/person\/image\/\",\"url\":\"https:\/\/secure.gravatar.com\/avatar\/8b4b354cc1ccfe19b49459dc20c468eb0301f1084655a988e1c380a76b769d09?s=96&d=mm&r=g\",\"contentUrl\":\"https:\/\/secure.gravatar.com\/avatar\/8b4b354cc1ccfe19b49459dc20c468eb0301f1084655a988e1c380a76b769d09?s=96&d=mm&r=g\",\"caption\":\"lais.i2w\"},\"sameAs\":[\"https:\/\/lmt-consultores.com\"],\"url\":\"http:\/\/lmt-consultores.com\/en\/author\/lais-i2w\/\"}]}<\/script>\n<!-- \/ Yoast SEO plugin. -->","yoast_head_json":{"title":"Confer\u00eancia de Louren\u00e7o Correia de Matos na Academia Portuguesa da Hist\u00f3ria - LMT Consultores","robots":{"index":"index","follow":"follow","max-snippet":"max-snippet:-1","max-image-preview":"max-image-preview:large","max-video-preview":"max-video-preview:-1"},"canonical":"http:\/\/lmt-consultores.com\/en\/conferencia-de-lourenco-correia-de-matos-na-academia-portuguesa-da-historia\/","og_locale":"en_US","og_type":"article","og_title":"Confer\u00eancia de Louren\u00e7o Correia de Matos na Academia Portuguesa da Hist\u00f3ria - LMT Consultores","og_description":"Louren\u00e7o Correia de Matos, s\u00f3cio da LMT Consultores em Hist\u00f3ria e Patrim\u00f3nio, apresentou hoje na Academia Portuguesa da Hist\u00f3ria uma comunica\u00e7\u00e3o intitulada A Ordem de Malta em Portugal durante a Monarquia Constitucional, cumprindo assim o dever estatut\u00e1rio dos acad\u00e9micos de apresentarem comunica\u00e7\u00f5es nas sess\u00f5es daquela Academia.","og_url":"http:\/\/lmt-consultores.com\/en\/conferencia-de-lourenco-correia-de-matos-na-academia-portuguesa-da-historia\/","og_site_name":"LMT Consultores","article_published_time":"2022-01-19T10:03:45+00:00","article_modified_time":"2023-11-23T11:58:31+00:00","og_image":[{"width":484,"height":641,"url":"https:\/\/lmt-consultores.com\/wp-content\/uploads\/2022\/11\/LMT-noticias-20.jpg","type":"image\/jpeg"}],"author":"lais.i2w","twitter_card":"summary_large_image","twitter_misc":{"Written by":"lais.i2w","Est. reading time":"1 minute"},"schema":{"@context":"https:\/\/schema.org","@graph":[{"@type":"WebPage","@id":"https:\/\/lmt-consultores.com\/conferencia-de-lourenco-correia-de-matos-na-academia-portuguesa-da-historia\/","url":"https:\/\/lmt-consultores.com\/conferencia-de-lourenco-correia-de-matos-na-academia-portuguesa-da-historia\/","name":"Confer\u00eancia de Louren\u00e7o Correia de Matos na Academia Portuguesa da Hist\u00f3ria - LMT Consultores","isPartOf":{"@id":"https:\/\/lmt-consultores.com\/#website"},"datePublished":"2022-01-19T10:03:45+00:00","dateModified":"2023-11-23T11:58:31+00:00","author":{"@id":"https:\/\/lmt-consultores.com\/#\/schema\/person\/fb0e3f2ad5669a436af9dd81df4c07bf"},"breadcrumb":{"@id":"https:\/\/lmt-consultores.com\/conferencia-de-lourenco-correia-de-matos-na-academia-portuguesa-da-historia\/#breadcrumb"},"inLanguage":"en-US","potentialAction":[{"@type":"ReadAction","target":["https:\/\/lmt-consultores.com\/conferencia-de-lourenco-correia-de-matos-na-academia-portuguesa-da-historia\/"]}]},{"@type":"BreadcrumbList","@id":"https:\/\/lmt-consultores.com\/conferencia-de-lourenco-correia-de-matos-na-academia-portuguesa-da-historia\/#breadcrumb","itemListElement":[{"@type":"ListItem","position":1,"name":"Home","item":"https:\/\/lmt-consultores.com\/"},{"@type":"ListItem","position":2,"name":"Confer\u00eancia de Louren\u00e7o Correia de Matos na Academia Portuguesa da Hist\u00f3ria"}]},{"@type":"WebSite","@id":"https:\/\/lmt-consultores.com\/#website","url":"https:\/\/lmt-consultores.com\/","name":"LMT Consultores","description":"","potentialAction":[{"@type":"SearchAction","target":{"@type":"EntryPoint","urlTemplate":"https:\/\/lmt-consultores.com\/?s={search_term_string}"},"query-input":"required name=search_term_string"}],"inLanguage":"en-US"},{"@type":"Person","@id":"https:\/\/lmt-consultores.com\/#\/schema\/person\/fb0e3f2ad5669a436af9dd81df4c07bf","name":"lais.i2w","image":{"@type":"ImageObject","inLanguage":"en-US","@id":"https:\/\/lmt-consultores.com\/#\/schema\/person\/image\/","url":"https:\/\/secure.gravatar.com\/avatar\/8b4b354cc1ccfe19b49459dc20c468eb0301f1084655a988e1c380a76b769d09?s=96&d=mm&r=g","contentUrl":"https:\/\/secure.gravatar.com\/avatar\/8b4b354cc1ccfe19b49459dc20c468eb0301f1084655a988e1c380a76b769d09?s=96&d=mm&r=g","caption":"lais.i2w"},"sameAs":["https:\/\/lmt-consultores.com"],"url":"http:\/\/lmt-consultores.com\/en\/author\/lais-i2w\/"}]}},"_links":{"self":[{"href":"http:\/\/lmt-consultores.com\/en\/wp-json\/wp\/v2\/posts\/624","targetHints":{"allow":["GET"]}}],"collection":[{"href":"http:\/\/lmt-consultores.com\/en\/wp-json\/wp\/v2\/posts"}],"about":[{"href":"http:\/\/lmt-consultores.com\/en\/wp-json\/wp\/v2\/types\/post"}],"author":[{"embeddable":true,"href":"http:\/\/lmt-consultores.com\/en\/wp-json\/wp\/v2\/users\/1"}],"replies":[{"embeddable":true,"href":"http:\/\/lmt-consultores.com\/en\/wp-json\/wp\/v2\/comments?post=624"}],"version-history":[{"count":1,"href":"http:\/\/lmt-consultores.com\/en\/wp-json\/wp\/v2\/posts\/624\/revisions"}],"predecessor-version":[{"id":625,"href":"http:\/\/lmt-consultores.com\/en\/wp-json\/wp\/v2\/posts\/624\/revisions\/625"}],"wp:featuredmedia":[{"embeddable":true,"href":"http:\/\/lmt-consultores.com\/en\/wp-json\/wp\/v2\/media\/869"}],"wp:attachment":[{"href":"http:\/\/lmt-consultores.com\/en\/wp-json\/wp\/v2\/media?parent=624"}],"wp:term":[{"taxonomy":"category","embeddable":true,"href":"http:\/\/lmt-consultores.com\/en\/wp-json\/wp\/v2\/categories?post=624"},{"taxonomy":"post_tag","embeddable":true,"href":"http:\/\/lmt-consultores.com\/en\/wp-json\/wp\/v2\/tags?post=624"}],"curies":[{"name":"wp","href":"https:\/\/api.w.org\/{rel}","templated":true}]}}